{"id":4494,"date":"2021-06-10T08:46:02","date_gmt":"2021-06-10T07:46:02","guid":{"rendered":"https:\/\/www.jimdo.com/de/magazin\/?p=4494"},"modified":"2023-08-03T10:36:38","modified_gmt":"2023-08-03T09:36:38","slug":"was-nachhaltigkeit-wirklich-bedeutet","status":"publish","type":"post","link":"https:\/\/www.jimdo.com/de/magazin\/was-nachhaltigkeit-wirklich-bedeutet\/","title":{"rendered":"Dieses Mode-Label macht es vor: Was Nachhaltigkeit wirklich bedeutet"},"content":{"rendered":"\n<p>Birgit liebt Nachhaltigkeit. Anders als bei gro\u00dfen Modeketten ist das f\u00fcr sie kein Marketing-Sprech. Mit ihrem Modelabel SPECTRUM fertig und verkauft sie wirklich umweltschonend und fair \u2013 lokal in Hamburg und Eckernf\u00f6rde sowie online. Die Grundlage f\u00fcr ihre Gesch\u00e4ftsidee entstand bereits in Kindertagen, doch brauchte es noch eine einschneidende Erfahrung auf ihrem Karriereweg, bis es zur finalen Umsetzung kam.&nbsp;<\/p>\n\n\n\n<div class=\"wp-block-columns business-snapshot-block is-layout-flex wp-container-core-columns-is-layout-28f84493 wp-block-columns-is-layout-flex\">\n<div class=\"wp-block-column is-layout-flow wp-block-column-is-layout-flow\">\n<p>Business-Steckbrief: SPECTRUM<\/p>\n\n\n\n<ul class=\"wp-block-list\">\n<li><strong>Location: <\/strong>Hamburg<\/li>\n\n\n\n<li><strong>Branche\/Produkt: <\/strong>Nachhaltige Mode<\/li>\n\n\n\n<li><strong>Wer steckt dahinter: <\/strong>Gelernte Designerin Birgit<\/li>\n\n\n\n<li><strong>Gr\u00fcndungsjahr<\/strong>: 2013<\/li>\n\n\n\n<li><strong>Website:<\/strong> <a href=\"https:\/\/www.spectrum-fashion.de\/\">www.spectrum-fashion.de<\/a><\/li>\n<\/ul>\n<\/div>\n<\/div>\n\n\n\n<h2 class=\"wp-block-heading\">\u201cDie Idee f\u00fcr SPECTRUM loderte schon immer in mir\u201d<\/h2>\n\n\n\n<p>Birgit hat schon fr\u00fch gelernt, was ein respektvoller Umgang mit Ressourcen bedeutet \u2013 zum einen durch ihre Zeit an der Waldorfschule, zum anderen durch ihre Eltern, die aktive Mitglieder bei Greenpeace waren. Spa\u00dfige Ausfl\u00fcge am Wochenende bestanden oft aus gemeinsamen M\u00fcllsammeln in Arbeitsgruppen. Daraus entstand ein besonderes Verst\u00e4ndnis f\u00fcr die Umwelt und gleichzeitig das Fundament f\u00fcr ihre Gesch\u00e4ftsidee von SPECTRUM.&nbsp;<\/p>\n\n\n\n<p>Der finale Ansto\u00df kam nach einer sehr kurzen, aber pr\u00e4genden Zeit bei einem konventionellen Modelabel, direkt nach dem Design-Studium. \u201cF\u00fcr mich war es wirklich ein Horror-Jahr. Im Design-Prozess wurde alle vier Wochen ein riesiger Berg Kleidung weggeschmissen. Dieses Verm\u00fcllen, diese Massenproduktion \u2013 das war ganz furchtbar f\u00fcr mich.\u201d Angetrieben davon gr\u00fcndete Birgit 2013 ihr eigenes Label und schlug damit eine komplett entgegengesetzte Richtung ein.<\/p>\n\n\n\n<figure class=\"wp-block-image size-large\"><img data-recalc-dims=\"1\" loading=\"lazy\" decoding=\"async\" width=\"1024\" height=\"576\" src=\"https:\/\/i0.wp.com\/www.jimdo.com/de/magazin\/wp-content\/uploads\/2021\/06\/2.png?resize=1024%2C576&#038;ssl=1\" alt=\"\" class=\"wp-image-4495\" srcset=\"https:\/\/i0.wp.com\/www.jimdo.com/de/magazin\/wp-content\/uploads\/2021\/06\/2.png?resize=1024%2C576&amp;ssl=1 1024w, https:\/\/i0.wp.com\/www.jimdo.com/de/magazin\/wp-content\/uploads\/2021\/06\/2.png?resize=300%2C169&amp;ssl=1 300w, https:\/\/i0.wp.com\/www.jimdo.com/de/magazin\/wp-content\/uploads\/2021\/06\/2.png?resize=1536%2C864&amp;ssl=1 1536w, https:\/\/i0.wp.com\/www.jimdo.com/de/magazin\/wp-content\/uploads\/2021\/06\/2.png?w=2048&amp;ssl=1 2048w, https:\/\/i0.wp.com\/www.jimdo.com/de/magazin\/wp-content\/uploads\/2021\/06\/2.png?resize=714%2C402&amp;ssl=1 714w\" sizes=\"auto, (max-width: 1000px) 100vw, 1000px\" \/><figcaption class=\"wp-element-caption\">Designerin Birgit in ihrem Element.<\/figcaption><\/figure>\n\n\n\n<h2 class=\"wp-block-heading\">\u201cWir wollen keine Rabattschlachten\u201d<\/h2>\n\n\n\n<p>Grundlage f\u00fcr SPECTRUMs Designs sind Stoffe aus \u00dcberproduktionen, also Materialien, die sonst in der Tonne gelandet w\u00e4ren. Zu 90 Prozent bezieht Birgit diese Stoffe von europ\u00e4ischen Zwischenh\u00e4ndlern. Durch klassische, schlichte Designs kann die Kleidung unabh\u00e4ngig von zeitlich begrenzten Trends getragen werden: \u201cSo umgehen wir die Rabattschlachten am Ende der Saison!\u201d.&nbsp;<\/p>\n\n\n\n<p>Jedes bei SPECTRUM gekaufte Kleidungsst\u00fcck ist eine langfristige Investition. Deshalb ber\u00e4t Birgit ihre Kunden gerne im pers\u00f6nlichen Gespr\u00e4ch. Vor diesem Hintergrund ist auch ihre Online-Pr\u00e4senz entstanden, denn nicht alle nachhaltigen Fashionistas kommen aus dem hohen Norden. \u201cMein Onlineshop war eine ganz sch\u00f6ne Hau-Ruck-Aktion. Als Design-Liebende war ich aber total begeistert, wie toll alles bei Jimdo aussieht und wie einfach sich die Navigation gestaltete!\u201d.<\/p>\n\n\n\n<div class=\"wp-block-columns are-vertically-aligned-center post-cta has-white-background-color has-background is-layout-flex wp-container-core-columns-is-layout-0111f410 wp-block-columns-is-layout-flex\" style=\"padding-right:var(--wp--preset--spacing--50);padding-left:var(--wp--preset--spacing--50)\">\n<div class=\"wp-block-column is-vertically-aligned-center is-layout-flow wp-block-column-is-layout-flow\" style=\"flex-basis:66.66%\">\n<h4 class=\"wp-block-heading\">Einfach online verkaufen. Mit&nbsp;Jimdo.<\/h4>\n<\/div>\n\n\n\n<div class=\"wp-block-column is-vertically-aligned-center is-layout-flow wp-block-column-is-layout-flow\" style=\"flex-basis:33.33%\">\n<div class=\"wp-block-group is-content-justification-right is-nowrap is-layout-flex wp-container-core-group-is-layout-17124a9a wp-block-group-is-layout-flex\">\n<div class=\"wp-block-button\"><a data-tracking=\"post_cta_create_shop_signup\" class=\"wp-block-button__link\" href=\"https:\/\/cms.jimdo.com\/wizard\/?store=1\" target=\"_blank\" rel=\"noreferrer noopener\">Jetzt starten<\/a><\/div>\n<\/div>\n<\/div>\n<\/div>\n\n\n\n<h2 class=\"wp-block-heading\">Ein besonderer Service: Beratung auch nach Feierabend<\/h2>\n\n\n\n<p>Birgit nimmt sich gerne Zeit f\u00fcr den direkten Kundenkontakt, egal ob online oder offline. Um die pers\u00f6nliche Beratung auch ihren berufst\u00e4tigen Kunden zu erm\u00f6glichen, hat sie sich etwas Besonderes einfallen lassen: Auf Anfrage \u00f6ffnet sie ihr kleines Atelier unweit der Hamburger Alster auch nochmal in den Abendstunden, wenn ihre Kunden Feierabend haben. Ein Service der gerne angenommen wird \u2013 und den Unterschied zwischen SPECTRUM und anonymen Warenh\u00e4usern nochmal verdeutlicht.&nbsp;<\/p>\n\n\n\n<figure class=\"wp-block-image size-large\"><img data-recalc-dims=\"1\" loading=\"lazy\" decoding=\"async\" width=\"1024\" height=\"576\" src=\"https:\/\/i0.wp.com\/www.jimdo.com/de/magazin\/wp-content\/uploads\/2021\/06\/3-1.png?resize=1024%2C576&#038;ssl=1\" alt=\"\" class=\"wp-image-4496\" srcset=\"https:\/\/i0.wp.com\/www.jimdo.com/de/magazin\/wp-content\/uploads\/2021\/06\/3-1.png?resize=1024%2C576&amp;ssl=1 1024w, https:\/\/i0.wp.com\/www.jimdo.com/de/magazin\/wp-content\/uploads\/2021\/06\/3-1.png?resize=300%2C169&amp;ssl=1 300w, https:\/\/i0.wp.com\/www.jimdo.com/de/magazin\/wp-content\/uploads\/2021\/06\/3-1.png?resize=1536%2C864&amp;ssl=1 1536w, https:\/\/i0.wp.com\/www.jimdo.com/de/magazin\/wp-content\/uploads\/2021\/06\/3-1.png?w=2048&amp;ssl=1 2048w, https:\/\/i0.wp.com\/www.jimdo.com/de/magazin\/wp-content\/uploads\/2021\/06\/3-1.png?resize=714%2C402&amp;ssl=1 714w\" sizes=\"auto, (max-width: 1000px) 100vw, 1000px\" \/><figcaption class=\"wp-element-caption\">Das gem\u00fctliche SPECTRUM-Atelier von Birgit befindet sich unweit der Hamburger Alster.<\/figcaption><\/figure>\n\n\n\n<h2 class=\"wp-block-heading\">\u201cEin bisschen verr\u00fcckt muss man schon sein\u201d<\/h2>\n\n\n\n<p>Der Schritt in die Selbstst\u00e4ndigkeit war im Nachhinein eigentlich keine gro\u00dfe \u00dcberraschung, denn der Unternehmergeist schlummerte schon lange in Birgit. Von ihrer Gro\u00dfmutter lernte sie bereits mit f\u00fcnf Jahren das N\u00e4hen, ihre Eltern&nbsp; waren ihr&nbsp; Leben lang selbstst\u00e4ndig: \u201cDie Motivation was Eigenes zu machen wurde mir quasi in die Wiege gelegt!\u201d.&nbsp;<\/p>\n\n\n\n<p>Als Birgit ihre feste Anstellung k\u00fcndigte, waren viele ihrer Freunde geschockt: \u201cDu bist doch bekloppt!\u201d. Aber das Thema Sicherheit hatte f\u00fcr Birgit nie einen gro\u00dfen Stellenwert. Ihre Prinzipien und Werteinstellungen dagegen umso mehr. Birgit wollte einfach mal was versuchen, was wagen: \u201cIch wusste, wenn ich es jetzt nicht mache, dann nie!\u201d. Also entschied sie sich f\u00fcr den vielleicht weniger abgesicherten, aber eigenen Weg. Und damit auch f\u00fcr die Freiheit, die Dinge so anzupacken, wie sie es f\u00fcr richtig h\u00e4lt \u2013 mit Erfolg.<\/p>\n\n\n\n<figure class=\"wp-block-image size-large\"><img data-recalc-dims=\"1\" loading=\"lazy\" decoding=\"async\" width=\"1024\" height=\"576\" src=\"https:\/\/i0.wp.com\/www.jimdo.com/de/magazin\/wp-content\/uploads\/2021\/06\/Design-ohne-Titel.png?resize=1024%2C576&#038;ssl=1\" alt=\"\" class=\"wp-image-4498\" srcset=\"https:\/\/i0.wp.com\/www.jimdo.com/de/magazin\/wp-content\/uploads\/2021\/06\/Design-ohne-Titel.png?resize=1024%2C576&amp;ssl=1 1024w, https:\/\/i0.wp.com\/www.jimdo.com/de/magazin\/wp-content\/uploads\/2021\/06\/Design-ohne-Titel.png?resize=300%2C169&amp;ssl=1 300w, https:\/\/i0.wp.com\/www.jimdo.com/de/magazin\/wp-content\/uploads\/2021\/06\/Design-ohne-Titel.png?resize=1536%2C864&amp;ssl=1 1536w, https:\/\/i0.wp.com\/www.jimdo.com/de/magazin\/wp-content\/uploads\/2021\/06\/Design-ohne-Titel.png?w=2048&amp;ssl=1 2048w, https:\/\/i0.wp.com\/www.jimdo.com/de/magazin\/wp-content\/uploads\/2021\/06\/Design-ohne-Titel.png?resize=714%2C402&amp;ssl=1 714w\" sizes=\"auto, (max-width: 1000px) 100vw, 1000px\" \/><figcaption class=\"wp-element-caption\">Mit Liebe zum Detail: In jedem gefertigten Kleidungsst\u00fcck steckt viel Herzblut.<\/figcaption><\/figure>\n\n\n\n<hr class=\"wp-block-separator\" id=\"block-634abfda-dc90-4a7c-9cc5-b22f3b482a2a\"\/>\n\n\n\n<p id=\"block-3d117404-0a4d-4da6-96e7-bc1047b095b8\">Mehr zu Birgits Designs, Materialien und Werten erfahrt ihr auf <a href=\"https:\/\/www.spectrum-fashion.de\/\">SPECTRUMs Website<\/a>. Auch auf <a href=\"https:\/\/www.instagram.com\/spectrumfashion_official\/\">Instagram<\/a> ist Birgit mit ihrem Mode-Label unterwegs. Klickt mal rein und lasst euch inspirieren! <\/p>\n\n\n\n<p><meta charset=\"utf-8\">Und falls ihr euch fragt, wer die tollen Fotos von Birgit geshootet hat: Das war <a href=\"https:\/\/www.sarahbernhard.de\/\">Fotografin Sarah<\/a>! <\/p>\n","protected":false},"excerpt":{"rendered":"<p>Designerin Birgit liebt Nachhaltigkeit. Nicht f\u00fcrs Marketing, sondern aus \u00dcberzeugung. Wie sie das mit ihrem eigenen Mode-Label umsetzt, hat sie uns verraten.<\/p>\n","protected":false},"author":2,"featured_media":4497,"comment_status":"closed","ping_status":"closed","sticky":false,"template":"","format":"standard","meta":{"_jetpack_memberships_contains_paid_content":false,"footnotes":""},"categories":[44],"tags":[12],"class_list":["post-4494","post","type-post","status-publish","format-standard","has-post-thumbnail","hentry","category-inspiration","tag-user-stories"],"yoast_head":"<!-- This site is optimized with the Yoast SEO plugin v27.4 - https:\/\/yoast.com\/product\/yoast-seo-wordpress\/ -->\n<title>Was Nachhaltigkeit wirklich bedeutet: Dieses Label macht es vor<\/title>\n<meta name=\"description\" content=\"Designerin Birgit liebt Nachhaltigkeit. Nicht f\u00fcrs Marketing, sondern aus \u00dcberzeugung. Erfahre mal, Wie sie das mit ihrem eigenen Mode-Label umsetzt\" \/>\n<meta name=\"robots\" content=\"index, follow, max-snippet:-1, max-image-preview:large, max-video-preview:-1\" \/>\n<link rel=\"canonical\" href=\"https:\/\/www.jimdo.com/de/magazin\/was-nachhaltigkeit-wirklich-bedeutet\/\" \/>\n<meta property=\"og:locale\" content=\"de_DE\" \/>\n<meta property=\"og:type\" content=\"article\" \/>\n<meta property=\"og:title\" content=\"Was Nachhaltigkeit wirklich bedeutet: Dieses Label macht es vor\" \/>\n<meta property=\"og:description\" content=\"Designerin Birgit liebt Nachhaltigkeit. Nicht f\u00fcrs Marketing, sondern aus \u00dcberzeugung. Erfahre mal, Wie sie das mit ihrem eigenen Mode-Label umsetzt\" \/>\n<meta property=\"og:url\" content=\"https:\/\/www.jimdo.com/de/magazin\/was-nachhaltigkeit-wirklich-bedeutet\/\" \/>\n<meta property=\"og:site_name\" content=\"Das Jimdo-Magazin f\u00fcr Unternehmer\" \/>\n<meta property=\"article:publisher\" content=\"https:\/\/www.facebook.com\/Jimdo.de\" \/>\n<meta property=\"article:published_time\" content=\"2021-06-10T07:46:02+00:00\" \/>\n<meta property=\"article:modified_time\" content=\"2023-08-03T09:36:38+00:00\" \/>\n<meta property=\"og:image\" content=\"https:\/\/www.jimdo.com/de/magazin\/wp-content\/uploads\/2021\/06\/1.png\" \/>\n\t<meta property=\"og:image:width\" content=\"2048\" \/>\n\t<meta property=\"og:image:height\" content=\"1152\" \/>\n\t<meta property=\"og:image:type\" content=\"image\/png\" \/>\n<meta name=\"author\" content=\"Jimdo\" \/>\n<meta name=\"twitter:card\" content=\"summary_large_image\" \/>\n<meta name=\"twitter:creator\" content=\"@jimdo_de\" \/>\n<meta name=\"twitter:site\" content=\"@jimdo_de\" \/>\n<meta name=\"twitter:label1\" content=\"Verfasst von\" \/>\n\t<meta name=\"twitter:data1\" content=\"Jimdo\" \/>\n<script type=\"application\/ld+json\" class=\"yoast-schema-graph\">{\"@context\":\"https:\\\/\\\/schema.org\",\"@graph\":[{\"@type\":\"Article\",\"@id\":\"https:\\\/\\\/www.jimdo.com/de/magazin\\\/was-nachhaltigkeit-wirklich-bedeutet\\\/#article\",\"isPartOf\":{\"@id\":\"https:\\\/\\\/www.jimdo.com/de/magazin\\\/was-nachhaltigkeit-wirklich-bedeutet\\\/\"},\"author\":{\"name\":\"Jimdo\",\"@id\":\"https:\\\/\\\/www.jimdo.com/de/magazin\\\/#\\\/schema\\\/person\\\/4dabebc7d5d6477941607006cb2fd592\"},\"headline\":\"Dieses Mode-Label macht es vor: Was Nachhaltigkeit wirklich bedeutet\",\"datePublished\":\"2021-06-10T07:46:02+00:00\",\"dateModified\":\"2023-08-03T09:36:38+00:00\",\"mainEntityOfPage\":{\"@id\":\"https:\\\/\\\/www.jimdo.com/de/magazin\\\/was-nachhaltigkeit-wirklich-bedeutet\\\/\"},\"wordCount\":677,\"publisher\":{\"@id\":\"https:\\\/\\\/www.jimdo.com/de/magazin\\\/#organization\"},\"image\":{\"@id\":\"https:\\\/\\\/www.jimdo.com/de/magazin\\\/was-nachhaltigkeit-wirklich-bedeutet\\\/#primaryimage\"},\"thumbnailUrl\":\"https:\\\/\\\/i0.wp.com\\\/www.jimdo.com/de/magazin\\\/wp-content\\\/uploads\\\/2021\\\/06\\\/1.png?fit=2048%2C1152&ssl=1\",\"keywords\":[\"User stories\"],\"articleSection\":[\"Inspiration\"],\"inLanguage\":\"de\"},{\"@type\":\"WebPage\",\"@id\":\"https:\\\/\\\/www.jimdo.com/de/magazin\\\/was-nachhaltigkeit-wirklich-bedeutet\\\/\",\"url\":\"https:\\\/\\\/www.jimdo.com/de/magazin\\\/was-nachhaltigkeit-wirklich-bedeutet\\\/\",\"name\":\"Was Nachhaltigkeit wirklich bedeutet: Dieses Label macht es vor\",\"isPartOf\":{\"@id\":\"https:\\\/\\\/www.jimdo.com/de/magazin\\\/#website\"},\"primaryImageOfPage\":{\"@id\":\"https:\\\/\\\/www.jimdo.com/de/magazin\\\/was-nachhaltigkeit-wirklich-bedeutet\\\/#primaryimage\"},\"image\":{\"@id\":\"https:\\\/\\\/www.jimdo.com/de/magazin\\\/was-nachhaltigkeit-wirklich-bedeutet\\\/#primaryimage\"},\"thumbnailUrl\":\"https:\\\/\\\/i0.wp.com\\\/www.jimdo.com/de/magazin\\\/wp-content\\\/uploads\\\/2021\\\/06\\\/1.png?fit=2048%2C1152&ssl=1\",\"datePublished\":\"2021-06-10T07:46:02+00:00\",\"dateModified\":\"2023-08-03T09:36:38+00:00\",\"description\":\"Designerin Birgit liebt Nachhaltigkeit. Nicht f\u00fcrs Marketing, sondern aus \u00dcberzeugung. Erfahre mal, Wie sie das mit ihrem eigenen Mode-Label umsetzt\",\"breadcrumb\":{\"@id\":\"https:\\\/\\\/www.jimdo.com/de/magazin\\\/was-nachhaltigkeit-wirklich-bedeutet\\\/#breadcrumb\"},\"inLanguage\":\"de\",\"potentialAction\":[{\"@type\":\"ReadAction\",\"target\":[\"https:\\\/\\\/www.jimdo.com/de/magazin\\\/was-nachhaltigkeit-wirklich-bedeutet\\\/\"]}]},{\"@type\":\"ImageObject\",\"inLanguage\":\"de\",\"@id\":\"https:\\\/\\\/www.jimdo.com/de/magazin\\\/was-nachhaltigkeit-wirklich-bedeutet\\\/#primaryimage\",\"url\":\"https:\\\/\\\/i0.wp.com\\\/www.jimdo.com/de/magazin\\\/wp-content\\\/uploads\\\/2021\\\/06\\\/1.png?fit=2048%2C1152&ssl=1\",\"contentUrl\":\"https:\\\/\\\/i0.wp.com\\\/www.jimdo.com/de/magazin\\\/wp-content\\\/uploads\\\/2021\\\/06\\\/1.png?fit=2048%2C1152&ssl=1\",\"width\":2048,\"height\":1152,\"caption\":\"Designerin Birgit beim Bearbeiten eines neuen Kleidungsst\u00fcckes in ihrem Atelier von SPECTRUM\"},{\"@type\":\"BreadcrumbList\",\"@id\":\"https:\\\/\\\/www.jimdo.com/de/magazin\\\/was-nachhaltigkeit-wirklich-bedeutet\\\/#breadcrumb\",\"itemListElement\":[{\"@type\":\"ListItem\",\"position\":1,\"name\":\"Startseite\",\"item\":\"https:\\\/\\\/www.jimdo.com/de/magazin\\\/\"},{\"@type\":\"ListItem\",\"position\":2,\"name\":\"Dieses Mode-Label macht es vor: Was Nachhaltigkeit wirklich bedeutet\"}]},{\"@type\":\"WebSite\",\"@id\":\"https:\\\/\\\/www.jimdo.com/de/magazin\\\/#website\",\"url\":\"https:\\\/\\\/www.jimdo.com/de/magazin\\\/\",\"name\":\"Das Jimdo-Magazin f\u00fcr Unternehmer\",\"description\":\"\",\"publisher\":{\"@id\":\"https:\\\/\\\/www.jimdo.com/de/magazin\\\/#organization\"},\"potentialAction\":[{\"@type\":\"SearchAction\",\"target\":{\"@type\":\"EntryPoint\",\"urlTemplate\":\"https:\\\/\\\/www.jimdo.com/de/magazin\\\/?s={search_term_string}\"},\"query-input\":{\"@type\":\"PropertyValueSpecification\",\"valueRequired\":true,\"valueName\":\"search_term_string\"}}],\"inLanguage\":\"de\"},{\"@type\":\"Organization\",\"@id\":\"https:\\\/\\\/www.jimdo.com/de/magazin\\\/#organization\",\"name\":\"Jimdo GmbH\",\"url\":\"https:\\\/\\\/www.jimdo.com/de/magazin\\\/\",\"logo\":{\"@type\":\"ImageObject\",\"inLanguage\":\"de\",\"@id\":\"https:\\\/\\\/www.jimdo.com/de/magazin\\\/#\\\/schema\\\/logo\\\/image\\\/\",\"url\":\"https:\\\/\\\/www.jimdo.com/de/magazin\\\/wp-content\\\/uploads\\\/2020\\\/03\\\/JimdoLogo-2019-main-petrol-transparent.png\",\"contentUrl\":\"https:\\\/\\\/www.jimdo.com/de/magazin\\\/wp-content\\\/uploads\\\/2020\\\/03\\\/JimdoLogo-2019-main-petrol-transparent.png\",\"width\":2048,\"height\":844,\"caption\":\"Jimdo GmbH\"},\"image\":{\"@id\":\"https:\\\/\\\/www.jimdo.com/de/magazin\\\/#\\\/schema\\\/logo\\\/image\\\/\"},\"sameAs\":[\"https:\\\/\\\/www.facebook.com\\\/Jimdo.de\",\"https:\\\/\\\/x.com\\\/jimdo_de\",\"https:\\\/\\\/www.instagram.com\\\/jimdo_official\\\/\",\"https:\\\/\\\/www.youtube.com\\\/jimdode\"]},{\"@type\":\"Person\",\"@id\":\"https:\\\/\\\/www.jimdo.com/de/magazin\\\/#\\\/schema\\\/person\\\/4dabebc7d5d6477941607006cb2fd592\",\"name\":\"Jimdo\",\"image\":{\"@type\":\"ImageObject\",\"inLanguage\":\"de\",\"@id\":\"https:\\\/\\\/secure.gravatar.com\\\/avatar\\\/2506bfab94e877841212e235c7148d443cd1a56b3ca7e617bd0bc48887dc682f?s=96&d=identicon&r=g\",\"url\":\"https:\\\/\\\/secure.gravatar.com\\\/avatar\\\/2506bfab94e877841212e235c7148d443cd1a56b3ca7e617bd0bc48887dc682f?s=96&d=identicon&r=g\",\"contentUrl\":\"https:\\\/\\\/secure.gravatar.com\\\/avatar\\\/2506bfab94e877841212e235c7148d443cd1a56b3ca7e617bd0bc48887dc682f?s=96&d=identicon&r=g\",\"caption\":\"Jimdo\"},\"description\":\"Der Blog f\u00fcr Selbstst\u00e4ndige und kleine Unternehmen rund um Selbstst\u00e4ndigkeit, Marketing und die besten Website-Tipps zu Design, Onlineshop, SEO und Co.\",\"url\":\"https:\\\/\\\/www.jimdo.com/de/magazin\\\/author\\\/jimdomagazine\\\/\"}]}<\/script>\n<!-- \/ Yoast SEO plugin. -->","yoast_head_json":{"title":"Was Nachhaltigkeit wirklich bedeutet: Dieses Label macht es vor","description":"Designerin Birgit liebt Nachhaltigkeit. Nicht f\u00fcrs Marketing, sondern aus \u00dcberzeugung. Erfahre mal, Wie sie das mit ihrem eigenen Mode-Label umsetzt","robots":{"index":"index","follow":"follow","max-snippet":"max-snippet:-1","max-image-preview":"max-image-preview:large","max-video-preview":"max-video-preview:-1"},"canonical":"https:\/\/www.jimdo.com/de/magazin\/was-nachhaltigkeit-wirklich-bedeutet\/","og_locale":"de_DE","og_type":"article","og_title":"Was Nachhaltigkeit wirklich bedeutet: Dieses Label macht es vor","og_description":"Designerin Birgit liebt Nachhaltigkeit. Nicht f\u00fcrs Marketing, sondern aus \u00dcberzeugung. Erfahre mal, Wie sie das mit ihrem eigenen Mode-Label umsetzt","og_url":"https:\/\/www.jimdo.com/de/magazin\/was-nachhaltigkeit-wirklich-bedeutet\/","og_site_name":"Das Jimdo-Magazin f\u00fcr Unternehmer","article_publisher":"https:\/\/www.facebook.com\/Jimdo.de","article_published_time":"2021-06-10T07:46:02+00:00","article_modified_time":"2023-08-03T09:36:38+00:00","og_image":[{"width":2048,"height":1152,"url":"https:\/\/www.jimdo.com/de/magazin\/wp-content\/uploads\/2021\/06\/1.png","type":"image\/png"}],"author":"Jimdo","twitter_card":"summary_large_image","twitter_creator":"@jimdo_de","twitter_site":"@jimdo_de","twitter_misc":{"Verfasst von":"Jimdo"},"schema":{"@context":"https:\/\/schema.org","@graph":[{"@type":"Article","@id":"https:\/\/www.jimdo.com/de/magazin\/was-nachhaltigkeit-wirklich-bedeutet\/#article","isPartOf":{"@id":"https:\/\/www.jimdo.com/de/magazin\/was-nachhaltigkeit-wirklich-bedeutet\/"},"author":{"name":"Jimdo","@id":"https:\/\/www.jimdo.com/de/magazin\/#\/schema\/person\/4dabebc7d5d6477941607006cb2fd592"},"headline":"Dieses Mode-Label macht es vor: Was Nachhaltigkeit wirklich bedeutet","datePublished":"2021-06-10T07:46:02+00:00","dateModified":"2023-08-03T09:36:38+00:00","mainEntityOfPage":{"@id":"https:\/\/www.jimdo.com/de/magazin\/was-nachhaltigkeit-wirklich-bedeutet\/"},"wordCount":677,"publisher":{"@id":"https:\/\/www.jimdo.com/de/magazin\/#organization"},"image":{"@id":"https:\/\/www.jimdo.com/de/magazin\/was-nachhaltigkeit-wirklich-bedeutet\/#primaryimage"},"thumbnailUrl":"https:\/\/i0.wp.com\/www.jimdo.com/de/magazin\/wp-content\/uploads\/2021\/06\/1.png?fit=2048%2C1152&ssl=1","keywords":["User stories"],"articleSection":["Inspiration"],"inLanguage":"de"},{"@type":"WebPage","@id":"https:\/\/www.jimdo.com/de/magazin\/was-nachhaltigkeit-wirklich-bedeutet\/","url":"https:\/\/www.jimdo.com/de/magazin\/was-nachhaltigkeit-wirklich-bedeutet\/","name":"Was Nachhaltigkeit wirklich bedeutet: Dieses Label macht es vor","isPartOf":{"@id":"https:\/\/www.jimdo.com/de/magazin\/#website"},"primaryImageOfPage":{"@id":"https:\/\/www.jimdo.com/de/magazin\/was-nachhaltigkeit-wirklich-bedeutet\/#primaryimage"},"image":{"@id":"https:\/\/www.jimdo.com/de/magazin\/was-nachhaltigkeit-wirklich-bedeutet\/#primaryimage"},"thumbnailUrl":"https:\/\/i0.wp.com\/www.jimdo.com/de/magazin\/wp-content\/uploads\/2021\/06\/1.png?fit=2048%2C1152&ssl=1","datePublished":"2021-06-10T07:46:02+00:00","dateModified":"2023-08-03T09:36:38+00:00","description":"Designerin Birgit liebt Nachhaltigkeit. Nicht f\u00fcrs Marketing, sondern aus \u00dcberzeugung. Erfahre mal, Wie sie das mit ihrem eigenen Mode-Label umsetzt","breadcrumb":{"@id":"https:\/\/www.jimdo.com/de/magazin\/was-nachhaltigkeit-wirklich-bedeutet\/#breadcrumb"},"inLanguage":"de","potentialAction":[{"@type":"ReadAction","target":["https:\/\/www.jimdo.com/de/magazin\/was-nachhaltigkeit-wirklich-bedeutet\/"]}]},{"@type":"ImageObject","inLanguage":"de","@id":"https:\/\/www.jimdo.com/de/magazin\/was-nachhaltigkeit-wirklich-bedeutet\/#primaryimage","url":"https:\/\/i0.wp.com\/www.jimdo.com/de/magazin\/wp-content\/uploads\/2021\/06\/1.png?fit=2048%2C1152&ssl=1","contentUrl":"https:\/\/i0.wp.com\/www.jimdo.com/de/magazin\/wp-content\/uploads\/2021\/06\/1.png?fit=2048%2C1152&ssl=1","width":2048,"height":1152,"caption":"Designerin Birgit beim Bearbeiten eines neuen Kleidungsst\u00fcckes in ihrem Atelier von SPECTRUM"},{"@type":"BreadcrumbList","@id":"https:\/\/www.jimdo.com/de/magazin\/was-nachhaltigkeit-wirklich-bedeutet\/#breadcrumb","itemListElement":[{"@type":"ListItem","position":1,"name":"Startseite","item":"https:\/\/www.jimdo.com/de/magazin\/"},{"@type":"ListItem","position":2,"name":"Dieses Mode-Label macht es vor: Was Nachhaltigkeit wirklich bedeutet"}]},{"@type":"WebSite","@id":"https:\/\/www.jimdo.com/de/magazin\/#website","url":"https:\/\/www.jimdo.com/de/magazin\/","name":"Das Jimdo-Magazin f\u00fcr Unternehmer","description":"","publisher":{"@id":"https:\/\/www.jimdo.com/de/magazin\/#organization"},"potentialAction":[{"@type":"SearchAction","target":{"@type":"EntryPoint","urlTemplate":"https:\/\/www.jimdo.com/de/magazin\/?s={search_term_string}"},"query-input":{"@type":"PropertyValueSpecification","valueRequired":true,"valueName":"search_term_string"}}],"inLanguage":"de"},{"@type":"Organization","@id":"https:\/\/www.jimdo.com/de/magazin\/#organization","name":"Jimdo GmbH","url":"https:\/\/www.jimdo.com/de/magazin\/","logo":{"@type":"ImageObject","inLanguage":"de","@id":"https:\/\/www.jimdo.com/de/magazin\/#\/schema\/logo\/image\/","url":"https:\/\/www.jimdo.com/de/magazin\/wp-content\/uploads\/2020\/03\/JimdoLogo-2019-main-petrol-transparent.png","contentUrl":"https:\/\/www.jimdo.com/de/magazin\/wp-content\/uploads\/2020\/03\/JimdoLogo-2019-main-petrol-transparent.png","width":2048,"height":844,"caption":"Jimdo GmbH"},"image":{"@id":"https:\/\/www.jimdo.com/de/magazin\/#\/schema\/logo\/image\/"},"sameAs":["https:\/\/www.facebook.com\/Jimdo.de","https:\/\/x.com\/jimdo_de","https:\/\/www.instagram.com\/jimdo_official\/","https:\/\/www.youtube.com\/jimdode"]},{"@type":"Person","@id":"https:\/\/www.jimdo.com/de/magazin\/#\/schema\/person\/4dabebc7d5d6477941607006cb2fd592","name":"Jimdo","image":{"@type":"ImageObject","inLanguage":"de","@id":"https:\/\/secure.gravatar.com\/avatar\/2506bfab94e877841212e235c7148d443cd1a56b3ca7e617bd0bc48887dc682f?s=96&d=identicon&r=g","url":"https:\/\/secure.gravatar.com\/avatar\/2506bfab94e877841212e235c7148d443cd1a56b3ca7e617bd0bc48887dc682f?s=96&d=identicon&r=g","contentUrl":"https:\/\/secure.gravatar.com\/avatar\/2506bfab94e877841212e235c7148d443cd1a56b3ca7e617bd0bc48887dc682f?s=96&d=identicon&r=g","caption":"Jimdo"},"description":"Der Blog f\u00fcr Selbstst\u00e4ndige und kleine Unternehmen rund um Selbstst\u00e4ndigkeit, Marketing und die besten Website-Tipps zu Design, Onlineshop, SEO und Co.","url":"https:\/\/www.jimdo.com/de/magazin\/author\/jimdomagazine\/"}]}},"jetpack_featured_media_url":"https:\/\/i0.wp.com\/www.jimdo.com/de/magazin\/wp-content\/uploads\/2021\/06\/1.png?fit=2048%2C1152&ssl=1","jetpack_sharing_enabled":true,"jetpack-related-posts":[{"id":2106,"url":"https:\/\/www.jimdo.com/de/magazin\/perfekte-ueber-mich-seite-erstellen\/","url_meta":{"origin":4494,"position":0},"title":"Von der \u201c\u00dcber mich\u201d-Seite bis zum &#8222;About us&#8220;: Wie ihr euer Business vorstellt","author":"Lilli Brinkert","date":"10. Juli 2024","format":false,"excerpt":"Wie schreibe ich eine gute \u201c\u00dcber mich\u201d-Seite? Wir zeigen euch, welche Infos nicht fehlen sollten und wodurch ihr eure Besucher pers\u00f6nlich ansprecht. Jetzt mehr erfahren!","rel":"","context":"In &quot;Inspiration&quot;","block_context":{"text":"Inspiration","link":"https:\/\/www.jimdo.com/de/magazin\/inspiration\/"},"img":{"alt_text":"Ein junger Mann macht sich Gedanken zur \"\u00dcber mich\"-Seite seiner Website.","src":"https:\/\/i0.wp.com\/www.jimdo.com/de/magazin\/wp-content\/uploads\/2018\/10\/jimdo-blog-featured-image-about-page.jpg?fit=1200%2C675&ssl=1&resize=350%2C200","width":350,"height":200,"srcset":"https:\/\/i0.wp.com\/www.jimdo.com/de/magazin\/wp-content\/uploads\/2018\/10\/jimdo-blog-featured-image-about-page.jpg?fit=1200%2C675&ssl=1&resize=350%2C200 1x, https:\/\/i0.wp.com\/www.jimdo.com/de/magazin\/wp-content\/uploads\/2018\/10\/jimdo-blog-featured-image-about-page.jpg?fit=1200%2C675&ssl=1&resize=525%2C300 1.5x, https:\/\/i0.wp.com\/www.jimdo.com/de/magazin\/wp-content\/uploads\/2018\/10\/jimdo-blog-featured-image-about-page.jpg?fit=1200%2C675&ssl=1&resize=700%2C400 2x, https:\/\/i0.wp.com\/www.jimdo.com/de/magazin\/wp-content\/uploads\/2018\/10\/jimdo-blog-featured-image-about-page.jpg?fit=1200%2C675&ssl=1&resize=1050%2C600 3x"},"classes":[]},{"id":6590,"url":"https:\/\/www.jimdo.com/de/magazin\/perfect-match-handwerk-trifft-onlinehandel\/","url_meta":{"origin":4494,"position":1},"title":"Perfect Match: Handwerk trifft Onlinehandel","author":"Lee-Ann von Oesen","date":"9. M\u00e4rz 2026","format":false,"excerpt":"Wie Melanie mit ihrem Jimdo Onlineshop aus regionaler Leidenschaft ein deutschlandweites Business formt: Melanies Weg in die Selbstst\u00e4ndigkeit begann nicht mit einem Businessplan, sondern mit Leidenschaft. Acht Jahre hat sie in einer Kaffeer\u00f6sterei gearbeitet, lernt alles \u00fcber Bohnen, R\u00f6stprofile, Direktimport und Qualit\u00e4t.\u00a0Im Oktober 2023 deutete sich die M\u00f6glichkeit an, dass\u2026","rel":"","context":"In &quot;Inspiration&quot;","block_context":{"text":"Inspiration","link":"https:\/\/www.jimdo.com/de/magazin\/inspiration\/"},"img":{"alt_text":"","src":"https:\/\/i0.wp.com\/www.jimdo.com/de/magazin\/wp-content\/uploads\/2026\/03\/image-2-e1773051129164.jpeg?fit=1024%2C743&ssl=1&resize=350%2C200","width":350,"height":200,"srcset":"https:\/\/i0.wp.com\/www.jimdo.com/de/magazin\/wp-content\/uploads\/2026\/03\/image-2-e1773051129164.jpeg?fit=1024%2C743&ssl=1&resize=350%2C200 1x, https:\/\/i0.wp.com\/www.jimdo.com/de/magazin\/wp-content\/uploads\/2026\/03\/image-2-e1773051129164.jpeg?fit=1024%2C743&ssl=1&resize=525%2C300 1.5x, https:\/\/i0.wp.com\/www.jimdo.com/de/magazin\/wp-content\/uploads\/2026\/03\/image-2-e1773051129164.jpeg?fit=1024%2C743&ssl=1&resize=700%2C400 2x"},"classes":[]},{"id":6563,"url":"https:\/\/www.jimdo.com/de/magazin\/was-ist-digitale-content-erstellung-arten-tools-und-strategien\/","url_meta":{"origin":4494,"position":2},"title":"Was ist digitale Content-Erstellung? Arten, Tools und Strategien","author":"Catherine Burmester","date":"24. Februar 2026","format":false,"excerpt":"Digitale Inhalte sind das Herzst\u00fcck des modernen Marketings. Ob Blogartikel, Videos, Social-Media-Posts oder Infografiken \u2013 sie bringen deine Botschaft zu den Menschen, die sie h\u00f6ren sollen, und machen deine Marke sichtbar. Gleichzeitig wird es immer anspruchsvoller, Inhalte zu erstellen, die sich von der Masse abheben: Feeds sind voll, Trends wechseln\u2026","rel":"","context":"In &quot;Alles aus der digitalen Welt&quot;","block_context":{"text":"Alles aus der digitalen Welt","link":"https:\/\/www.jimdo.com/de/magazin\/news\/"},"img":{"alt_text":"","src":"https:\/\/i0.wp.com\/www.jimdo.com/de/magazin\/wp-content\/uploads\/2026\/02\/image-24.jpeg?fit=1200%2C800&ssl=1&resize=350%2C200","width":350,"height":200,"srcset":"https:\/\/i0.wp.com\/www.jimdo.com/de/magazin\/wp-content\/uploads\/2026\/02\/image-24.jpeg?fit=1200%2C800&ssl=1&resize=350%2C200 1x, https:\/\/i0.wp.com\/www.jimdo.com/de/magazin\/wp-content\/uploads\/2026\/02\/image-24.jpeg?fit=1200%2C800&ssl=1&resize=525%2C300 1.5x, https:\/\/i0.wp.com\/www.jimdo.com/de/magazin\/wp-content\/uploads\/2026\/02\/image-24.jpeg?fit=1200%2C800&ssl=1&resize=700%2C400 2x, https:\/\/i0.wp.com\/www.jimdo.com/de/magazin\/wp-content\/uploads\/2026\/02\/image-24.jpeg?fit=1200%2C800&ssl=1&resize=1050%2C600 3x"},"classes":[]},{"id":4785,"url":"https:\/\/www.jimdo.com/de/magazin\/online-verkaufen-ideen\/","url_meta":{"origin":4494,"position":3},"title":"Was l\u00e4sst sich gut online verkaufen 2026: Ideen + Tipps","author":"Lilli Brinkert","date":"18. August 2021","format":false,"excerpt":"Ihr wollt mit eurem eigenen Shop online verkaufen? Hier findet ihr Ideen f\u00fcr die besten Produkte 2021.","rel":"","context":"In &quot;Business-Wissen&quot;","block_context":{"text":"Business-Wissen","link":"https:\/\/www.jimdo.com/de/magazin\/business-wissen\/"},"img":{"alt_text":"Handyh\u00fcllen als Idee zum online verkaufen","src":"https:\/\/i0.wp.com\/www.jimdo.com/de/magazin\/wp-content\/uploads\/2021\/08\/What-to-sell-Blog-header-Case-03.jpeg?fit=1200%2C675&ssl=1&resize=350%2C200","width":350,"height":200,"srcset":"https:\/\/i0.wp.com\/www.jimdo.com/de/magazin\/wp-content\/uploads\/2021\/08\/What-to-sell-Blog-header-Case-03.jpeg?fit=1200%2C675&ssl=1&resize=350%2C200 1x, https:\/\/i0.wp.com\/www.jimdo.com/de/magazin\/wp-content\/uploads\/2021\/08\/What-to-sell-Blog-header-Case-03.jpeg?fit=1200%2C675&ssl=1&resize=525%2C300 1.5x, https:\/\/i0.wp.com\/www.jimdo.com/de/magazin\/wp-content\/uploads\/2021\/08\/What-to-sell-Blog-header-Case-03.jpeg?fit=1200%2C675&ssl=1&resize=700%2C400 2x, https:\/\/i0.wp.com\/www.jimdo.com/de/magazin\/wp-content\/uploads\/2021\/08\/What-to-sell-Blog-header-Case-03.jpeg?fit=1200%2C675&ssl=1&resize=1050%2C600 3x"},"classes":[]},{"id":6512,"url":"https:\/\/www.jimdo.com/de/magazin\/was-ist-kontaktmanagement-definition-vorteile-und-tools\/","url_meta":{"origin":4494,"position":4},"title":"Was ist Kontaktmanagement? Definition, Vorteile und Tools","author":"Catherine Burmester","date":"18. Februar 2026","format":false,"excerpt":"Wichtige Erkenntnisse: Zentralisierte und organisierte Kontaktdaten sind unerl\u00e4sslich: Kontakt Managementsysteme speichern Kunden- und Lead-Informationen in einer einzigen Datenbank. So lassen sich Interaktionen leichter verfolgen, die Kommunikation personalisieren und Informationsverluste vermeiden. Verbesserte Kundenbeziehungen und Teamproduktivit\u00e4t: Durch optimierte Follow-ups, automatisierte Updates und personalisierte Interaktionen st\u00e4rken Unternehmen das Vertrauen ihrer Kunden und erleichtern\u2026","rel":"","context":"In &quot;Business-Wissen&quot;","block_context":{"text":"Business-Wissen","link":"https:\/\/www.jimdo.com/de/magazin\/business-wissen\/"},"img":{"alt_text":"","src":"https:\/\/i0.wp.com\/www.jimdo.com/de/magazin\/wp-content\/uploads\/2026\/02\/image-6.jpeg?fit=1200%2C800&ssl=1&resize=350%2C200","width":350,"height":200,"srcset":"https:\/\/i0.wp.com\/www.jimdo.com/de/magazin\/wp-content\/uploads\/2026\/02\/image-6.jpeg?fit=1200%2C800&ssl=1&resize=350%2C200 1x, https:\/\/i0.wp.com\/www.jimdo.com/de/magazin\/wp-content\/uploads\/2026\/02\/image-6.jpeg?fit=1200%2C800&ssl=1&resize=525%2C300 1.5x, https:\/\/i0.wp.com\/www.jimdo.com/de/magazin\/wp-content\/uploads\/2026\/02\/image-6.jpeg?fit=1200%2C800&ssl=1&resize=700%2C400 2x, https:\/\/i0.wp.com\/www.jimdo.com/de/magazin\/wp-content\/uploads\/2026\/02\/image-6.jpeg?fit=1200%2C800&ssl=1&resize=1050%2C600 3x"},"classes":[]},{"id":6103,"url":"https:\/\/www.jimdo.com/de/magazin\/sven-story\/","url_meta":{"origin":4494,"position":5},"title":"\u201eWassertrinken ist brutal langweilig\u201c: Svens Start-up will das \u00e4ndern","author":"Jimdo","date":"12. November 2024","format":false,"excerpt":"Heute schon genug getrunken? Im Alltagsstress kann es schnell mal vorkommen, dass diese Frage in Vergessenheit ger\u00e4t. Genau da setzt Sven mit seinem Start-up Aquanesso an: Er m\u00f6chte das Leben von Wasserliebhaber*innen und all jenen, die es noch werden wollen, bereichern und vereinfachen.","rel":"","context":"In &quot;Inspiration&quot;","block_context":{"text":"Inspiration","link":"https:\/\/www.jimdo.com/de/magazin\/inspiration\/"},"img":{"alt_text":"","src":"https:\/\/i0.wp.com\/www.jimdo.com/de/magazin\/wp-content\/uploads\/2024\/11\/10.jpg?fit=1200%2C800&ssl=1&resize=350%2C200","width":350,"height":200,"srcset":"https:\/\/i0.wp.com\/www.jimdo.com/de/magazin\/wp-content\/uploads\/2024\/11\/10.jpg?fit=1200%2C800&ssl=1&resize=350%2C200 1x, https:\/\/i0.wp.com\/www.jimdo.com/de/magazin\/wp-content\/uploads\/2024\/11\/10.jpg?fit=1200%2C800&ssl=1&resize=525%2C300 1.5x, https:\/\/i0.wp.com\/www.jimdo.com/de/magazin\/wp-content\/uploads\/2024\/11\/10.jpg?fit=1200%2C800&ssl=1&resize=700%2C400 2x, https:\/\/i0.wp.com\/www.jimdo.com/de/magazin\/wp-content\/uploads\/2024\/11\/10.jpg?fit=1200%2C800&ssl=1&resize=1050%2C600 3x"},"classes":[]}],"_links":{"self":[{"href":"https:\/\/www.jimdo.com/de/magazin\/wp-json\/wp\/v2\/posts\/4494","targetHints":{"allow":["GET"]}}],"collection":[{"href":"https:\/\/www.jimdo.com/de/magazin\/wp-json\/wp\/v2\/posts"}],"about":[{"href":"https:\/\/www.jimdo.com/de/magazin\/wp-json\/wp\/v2\/types\/post"}],"author":[{"embeddable":true,"href":"https:\/\/www.jimdo.com/de/magazin\/wp-json\/wp\/v2\/users\/2"}],"replies":[{"embeddable":true,"href":"https:\/\/www.jimdo.com/de/magazin\/wp-json\/wp\/v2\/comments?post=4494"}],"version-history":[{"count":0,"href":"https:\/\/www.jimdo.com/de/magazin\/wp-json\/wp\/v2\/posts\/4494\/revisions"}],"wp:featuredmedia":[{"embeddable":true,"href":"https:\/\/www.jimdo.com/de/magazin\/wp-json\/wp\/v2\/media\/4497"}],"wp:attachment":[{"href":"https:\/\/www.jimdo.com/de/magazin\/wp-json\/wp\/v2\/media?parent=4494"}],"wp:term":[{"taxonomy":"category","embeddable":true,"href":"https:\/\/www.jimdo.com/de/magazin\/wp-json\/wp\/v2\/categories?post=4494"},{"taxonomy":"post_tag","embeddable":true,"href":"https:\/\/www.jimdo.com/de/magazin\/wp-json\/wp\/v2\/tags?post=4494"}],"curies":[{"name":"wp","href":"https:\/\/api.w.org\/{rel}","templated":true}]}}