{"id":4727,"date":"2021-07-22T11:36:12","date_gmt":"2021-07-22T10:36:12","guid":{"rendered":"https:\/\/www.jimdo.com/de/magazin\/?p=4727"},"modified":"2026-03-06T15:51:11","modified_gmt":"2026-03-06T14:51:11","slug":"wundertuete-selbststaendigkeit-wenn-der-alltag-nicht-alltaeglich-ist","status":"publish","type":"post","link":"https:\/\/www.jimdo.com/de/magazin\/wundertuete-selbststaendigkeit-wenn-der-alltag-nicht-alltaeglich-ist\/","title":{"rendered":"Wundert\u00fcte Selbstst\u00e4ndigkeit: Wenn der Alltag nicht allt\u00e4glich ist"},"content":{"rendered":"\n<p>Vier Tage die Woche arbeitet Farina als Business Performance Managerin in einem Logistikunternehmen. Jeden Dienstag ist sie freie K\u00fcnstlerin \u2013 und gleichzeitig Marketingabteilung, Buchhaltung und Versandhaus.<\/p>\n\n\n\n<p>Wer selbstst\u00e4ndig ist, dem wird das bekannt vorkommen. Das Hobby zur Profession zu machen: Das bedeutet, mehr Zeit f\u00fcr die eigene Leidenschaft zu haben \u2013 und gleichzeitig neue Pflichten.&nbsp;<\/p>\n\n\n\n<p>Bei Farina hei\u00dft das ganz konkret: Einen \u201ctypischen\u201d Arbeitstag, den gibt es gar nicht. Jedenfalls nicht dienstags.&nbsp;<\/p>\n\n\n\n<div class=\"wp-block-columns business-snapshot-block is-layout-flex wp-container-core-columns-is-layout-28f84493 wp-block-columns-is-layout-flex\">\n<div class=\"wp-block-column is-layout-flow wp-block-column-is-layout-flow\">\n<p>Business-Steckbrief: Farina Hommes<\/p>\n\n\n\n<ul class=\"wp-block-list\"><li><strong>Location: <\/strong>D\u00fcsseldorf<\/li><li><strong>Branche\/Produkt: <\/strong>Acryl-Malerei<\/li><li><strong>Wer steckt dahinter: <\/strong>Business Performance Managerin und K\u00fcnstlerin Farina<\/li><li><strong>Gr\u00fcndungsjahr: <\/strong>2020 <\/li><li><strong>Eine Sache, auf die ich besonders stolz bin: <\/strong>Dass ich \u00fcber meinen Schatten gesprungen bin und mein Business gestartet habe<\/li><li><strong>Website: <a href=\"https:\/\/www.farinahommes.com\/\">www.farinahommes.com<\/a><\/strong><\/li><\/ul>\n<\/div>\n<\/div>\n\n\n\n<h2 class=\"wp-block-heading\">\u201cFarbe und Freude in die H\u00e4user bringen\u201d<\/h2>\n\n\n\n<p>Farina malt f\u00fcr ihr Leben gern Acrylbilder. Mit ihren farbenfrohen Kunstwerken m\u00f6chte sie Leichtigkeit und Lebensfreude in die H\u00e4user ihrer Kund*innen bringen. Ihre Inspiration holt sie sich in \u201ckleinen Momenten des Gl\u00fcckes\u201d. Eine sch\u00f6ne Blume am Wegesrand, ein Rotkehlchen vor dem K\u00fcchenfenster, eine tolle Farbkombination \u2013 Farina hat ein Auge f\u00fcr Sch\u00f6nheit im Alltag. Sobald Farina eine Inspiration gefunden hat und zu malen beginnt, dann verliert sie sich in dem Prozess und vergisst Raum und Zeit um sich herum.&nbsp;<\/p>\n\n\n\n<figure class=\"wp-block-image size-large\"><img data-recalc-dims=\"1\" loading=\"lazy\" decoding=\"async\" width=\"1024\" height=\"576\" src=\"https:\/\/i0.wp.com\/www.jimdo.com/de/magazin\/wp-content\/uploads\/2021\/07\/12.png?resize=1024%2C576&#038;ssl=1\" alt=\"\" class=\"wp-image-4730\" srcset=\"https:\/\/i0.wp.com\/www.jimdo.com/de/magazin\/wp-content\/uploads\/2021\/07\/12.png?resize=1024%2C576&amp;ssl=1 1024w, https:\/\/i0.wp.com\/www.jimdo.com/de/magazin\/wp-content\/uploads\/2021\/07\/12.png?resize=300%2C169&amp;ssl=1 300w, https:\/\/i0.wp.com\/www.jimdo.com/de/magazin\/wp-content\/uploads\/2021\/07\/12.png?resize=1536%2C864&amp;ssl=1 1536w, https:\/\/i0.wp.com\/www.jimdo.com/de/magazin\/wp-content\/uploads\/2021\/07\/12.png?w=2048&amp;ssl=1 2048w, https:\/\/i0.wp.com\/www.jimdo.com/de/magazin\/wp-content\/uploads\/2021\/07\/12.png?resize=714%2C402&amp;ssl=1 714w\" sizes=\"auto, (max-width: 1000px) 100vw, 1000px\" \/><figcaption>Bunt und fr\u00f6hlich &#8211; so sind Farinas Kunstwerke.<\/figcaption><\/figure>\n\n\n\n<p>Das klingt erstmal sehr romantisch. Ist es auch. Doch ab dem Moment, in dem man seine Leidenschaft nicht mehr nur noch f\u00fcr sich macht, folgt auf Abschluss des \u201cSchaffungsprozesses\u201d nicht mehr unbedingt der Feierabend. Wenn Farina ihr neuestes Kunstwerk zum Trocknen aufgeh\u00e4ngt und die Pinsel ausgewaschen hat, dann geht es erst so richtig los.&nbsp;<\/p>\n\n\n\n<h2 class=\"wp-block-heading\">\u201cIch sollte mir mehr Zeit daf\u00fcr nehmen\u201d&nbsp;&nbsp;<\/h2>\n\n\n\n<p>Die Kreativit\u00e4t und Malerei waren schon immer Bestandteil in Farinas Alltag. Mit dem Einstieg ins Berufsleben wurde die Zeit daf\u00fcr zunehmend knapper. In den weniger werdenden Momenten der Kreativit\u00e4t stellte sie aber jedes Mal wieder fest, wie viel Freude sie dabei empfand. Immer wieder dachte sie: \u201cIch sollte mir mehr Zeit daf\u00fcr nehmen!\u201d<\/p>\n\n\n\n<p>Das kennen viele. Doch zwischen Berufsleben und Alltag leichter gesagt, als getan. Das dachte sich auch Farina. Bis sie 2020 beschloss, einfach mal zu machen. Kurzerhand reduzierte sie ihre Stundenzahl in ihrem Job, um so mehr Zeit f\u00fcr ihre Leidenschaft zu haben. \u201cIch wollte nicht l\u00e4nger nach Ausreden suchen, warum es nicht geht. Daf\u00fcr musste ich \u00fcber meinen eigenen Schatten springen.\u201d<\/p>\n\n\n\n<figure class=\"wp-block-image size-large\"><img data-recalc-dims=\"1\" loading=\"lazy\" decoding=\"async\" width=\"1024\" height=\"576\" src=\"https:\/\/i0.wp.com\/www.jimdo.com/de/magazin\/wp-content\/uploads\/2021\/07\/13.png?resize=1024%2C576&#038;ssl=1\" alt=\"\" class=\"wp-image-4729\" srcset=\"https:\/\/i0.wp.com\/www.jimdo.com/de/magazin\/wp-content\/uploads\/2021\/07\/13.png?resize=1024%2C576&amp;ssl=1 1024w, https:\/\/i0.wp.com\/www.jimdo.com/de/magazin\/wp-content\/uploads\/2021\/07\/13.png?resize=300%2C169&amp;ssl=1 300w, https:\/\/i0.wp.com\/www.jimdo.com/de/magazin\/wp-content\/uploads\/2021\/07\/13.png?resize=1536%2C864&amp;ssl=1 1536w, https:\/\/i0.wp.com\/www.jimdo.com/de/magazin\/wp-content\/uploads\/2021\/07\/13.png?w=2048&amp;ssl=1 2048w, https:\/\/i0.wp.com\/www.jimdo.com/de/magazin\/wp-content\/uploads\/2021\/07\/13.png?resize=714%2C402&amp;ssl=1 714w\" sizes=\"auto, (max-width: 1000px) 100vw, 1000px\" \/><figcaption>Viel zu lange hat Farina ihrer Leidenschaft zu wenig Zeit einger\u00e4umt.<\/figcaption><\/figure>\n\n\n\n<h2 class=\"wp-block-heading\">Es gibt keinen Standard-Tagesablauf<\/h2>\n\n\n\n<p>An einigen Dienstagen steht Farina von morgens bis abends vor ihrer Staffelei. Mit Farbklecksen auf der Kleidung und Pinsel in der Hand experimentiert sie mit Acryl und Aquarell. Malen ist f\u00fcr sie Freude. Solche Tage sind f\u00fcr sie die sch\u00f6nsten, weil sie ungehindert in ihrer Leidenschaft aufgehen kann.&nbsp;<\/p>\n\n\n\n<p>Gerade als K\u00fcnstlerin braucht es daf\u00fcr aber auch immer die richtige Stimmung und Inspiration. Und die kommt h\u00e4ufig phasenweise: Mal malt Farina einige Tage ganz intensiv, dann wieder eine Zeit gar nicht. Langweilig wird es aber nie, denn laut Farina macht der Anteil der Malerei tats\u00e4chlich nur ungef\u00e4hr ein Drittel ihrer Arbeit als Selbstst\u00e4ndige aus.&nbsp;<\/p>\n\n\n\n<p>Die meiste Zeit flie\u00dft ins Marketing, denn schlie\u00dflich m\u00f6chte Farina, dass ihre Bilder auch irgendwann ein Zuhause au\u00dferhalb ihres Ateliers finden. Fotos von ihren Bildern schie\u00dfen, Beschreibungen verfassen, Website und Onlineshop aktualisieren, Social Media Posts ver\u00f6ffentlichen, Newsletter schreiben: Farina deckt ab, was in manchen Unternehmen mehrk\u00f6pfige Teams machen.&nbsp;<\/p>\n\n\n\n<figure class=\"wp-block-image size-large\"><img data-recalc-dims=\"1\" loading=\"lazy\" decoding=\"async\" width=\"1024\" height=\"576\" src=\"https:\/\/i0.wp.com\/www.jimdo.com/de/magazin\/wp-content\/uploads\/2021\/07\/14.png?resize=1024%2C576&#038;ssl=1\" alt=\"\" class=\"wp-image-4728\" srcset=\"https:\/\/i0.wp.com\/www.jimdo.com/de/magazin\/wp-content\/uploads\/2021\/07\/14.png?resize=1024%2C576&amp;ssl=1 1024w, https:\/\/i0.wp.com\/www.jimdo.com/de/magazin\/wp-content\/uploads\/2021\/07\/14.png?resize=300%2C169&amp;ssl=1 300w, https:\/\/i0.wp.com\/www.jimdo.com/de/magazin\/wp-content\/uploads\/2021\/07\/14.png?resize=1536%2C864&amp;ssl=1 1536w, https:\/\/i0.wp.com\/www.jimdo.com/de/magazin\/wp-content\/uploads\/2021\/07\/14.png?w=2048&amp;ssl=1 2048w, https:\/\/i0.wp.com\/www.jimdo.com/de/magazin\/wp-content\/uploads\/2021\/07\/14.png?resize=714%2C402&amp;ssl=1 714w\" sizes=\"auto, (max-width: 1000px) 100vw, 1000px\" \/><\/figure>\n\n\n\n<p>Bestenfalls trudeln daraufhin nat\u00fcrlich Bestellungen ein, was wiederum bedeutet: Rechnungen schreiben, P\u00e4ckchen packen, Sendungen abschicken. Stehen Feiertage wie Weihnachten vor der T\u00fcr, kann das Atelier f\u00fcr ein paar Tage auch mal zu einer richtigen Packstation werden.&nbsp;<\/p>\n\n\n\n<h2 class=\"wp-block-heading\">Der eigene Boss sein \u2013 wie sieht das aus?<\/h2>\n\n\n\n<p>Wenn Farina am Montagabend ihren Job als Zahlenmensch beendet und Feierabend macht, dann denken viele ihrer Kollegen*innen, dass sie sich die n\u00e4chsten 24 Stunden auf der Couch entspannt. Die Vermutung liegt nahe, denn Farina muss sich Dienstagmorgen nicht unbedingt einen Wecker stellen, weil sie punkt halb 8 aus dem Haus und die Bahn erwischen muss, um rechtzeitig ins B\u00fcro zu kommen.&nbsp;<\/p>\n\n\n\n<p>Doch nur weil ihr Tagesablauf weniger starr ist, hei\u00dft das nicht, dass sie ihre Aufgaben weniger Ernst nimmt. Im Gegenteil. Denn Farina wei\u00df, alles was sie macht, hat direkten Einfluss auf ihr Herzensprojekt. Der Unterschied: Erst wenn Farina morgens aufgewacht ist, \u00fcberlegt sie sich, worauf sie an dem Tag Lust hast. Malen, Marketing, Buchhaltung? Dabei gibt es nat\u00fcrlich Dinge, die sie lieber macht und die, auf die sie weniger Lust hat.&nbsp;<\/p>\n\n\n\n<div class=\"wp-block-columns are-vertically-aligned-center post-cta has-white-background-color has-background is-layout-flex wp-container-core-columns-is-layout-0111f410 wp-block-columns-is-layout-flex\" style=\"padding-right:var(--wp--preset--spacing--50);padding-left:var(--wp--preset--spacing--50)\">\n<div class=\"wp-block-column is-vertically-aligned-center is-layout-flow wp-block-column-is-layout-flow\" style=\"flex-basis:66.66%\">\n<h4 class=\"wp-block-heading\">Bring dein Business online. Mit Jimdo.<\/h4>\n<\/div>\n\n\n\n<div class=\"wp-block-column is-vertically-aligned-center is-layout-flow wp-block-column-is-layout-flow\" style=\"flex-basis:33.33%\">\n<div class=\"wp-block-group is-content-justification-right is-nowrap is-layout-flex wp-container-core-group-is-layout-17124a9a wp-block-group-is-layout-flex\">\n<div class=\"wp-block-button\"><a data-tracking=\"post_cta_create_website_signup\" class=\"wp-block-button__link\" href=\"https:\/\/register.jimdo.com\/\" target=\"_blank\" rel=\"noreferrer noopener\">Jetzt starten<\/a><\/div>\n<\/div>\n<\/div>\n<\/div>\n\n\n\n<p>Aber genau das macht f\u00fcr sie auch den Reiz an der Selbstst\u00e4ndigkeit aus. Ganz selbstbestimmt zu sein, jeden Dienstag.&nbsp;<\/p>\n\n\n\n<hr class=\"wp-block-separator\"\/>\n\n\n\n<p>Mehr zu Farinas farbenfroher Leidenschaft erfahrt ihr auf ihrer <a href=\"https:\/\/www.farinahommes.com\/\">Website<\/a> und ihrem <a href=\"https:\/\/www.instagram.com\/farinahommes\/\">Instagram Account<\/a>.<\/p>\n","protected":false},"excerpt":{"rendered":"<p>Jeden Dienstag ist Farina freie K\u00fcnstlerin \u2013 und gleichzeitig Marketingabteilung, Buchhaltung und Versandhaus. Wer selbstst\u00e4ndig ist, der kennt das. <\/p>\n","protected":false},"author":2,"featured_media":4731,"comment_status":"closed","ping_status":"closed","sticky":false,"template":"","format":"standard","meta":{"_jetpack_memberships_contains_paid_content":false,"footnotes":""},"categories":[44],"tags":[12],"class_list":["post-4727","post","type-post","status-publish","format-standard","has-post-thumbnail","hentry","category-inspiration","tag-user-stories"],"yoast_head":"<!-- This site is optimized with the Yoast SEO plugin v27.4 - https:\/\/yoast.com\/product\/yoast-seo-wordpress\/ -->\n<title>Selbstst\u00e4ndig als K\u00fcnstlerin: Farinas Weg<\/title>\n<meta name=\"description\" content=\"Wie f\u00fchlt sich Selbstst\u00e4ndigkeit wirklich an? Farina erz\u00e4hlt von Kunst, Mut und den vielen Aufgaben hinter dem Traum vom eigenen Business.\" \/>\n<meta name=\"robots\" content=\"index, follow, max-snippet:-1, max-image-preview:large, max-video-preview:-1\" \/>\n<link rel=\"canonical\" href=\"https:\/\/www.jimdo.com/de/magazin\/wundertuete-selbststaendigkeit-wenn-der-alltag-nicht-alltaeglich-ist\/\" \/>\n<meta property=\"og:locale\" content=\"de_DE\" \/>\n<meta property=\"og:type\" content=\"article\" \/>\n<meta property=\"og:title\" content=\"Selbstst\u00e4ndig als K\u00fcnstlerin: Farinas Weg\" \/>\n<meta property=\"og:description\" content=\"Wie f\u00fchlt sich Selbstst\u00e4ndigkeit wirklich an? Farina erz\u00e4hlt von Kunst, Mut und den vielen Aufgaben hinter dem Traum vom eigenen Business.\" \/>\n<meta property=\"og:url\" content=\"https:\/\/www.jimdo.com/de/magazin\/wundertuete-selbststaendigkeit-wenn-der-alltag-nicht-alltaeglich-ist\/\" \/>\n<meta property=\"og:site_name\" content=\"Das Jimdo-Magazin f\u00fcr Unternehmer\" \/>\n<meta property=\"article:publisher\" content=\"https:\/\/www.facebook.com\/Jimdo.de\" \/>\n<meta property=\"article:published_time\" content=\"2021-07-22T10:36:12+00:00\" \/>\n<meta property=\"article:modified_time\" content=\"2026-03-06T14:51:11+00:00\" \/>\n<meta property=\"og:image\" content=\"https:\/\/www.jimdo.com/de/magazin\/wp-content\/uploads\/2021\/07\/11.png\" \/>\n\t<meta property=\"og:image:width\" content=\"2048\" \/>\n\t<meta property=\"og:image:height\" content=\"1152\" \/>\n\t<meta property=\"og:image:type\" content=\"image\/png\" \/>\n<meta name=\"author\" content=\"Jimdo\" \/>\n<meta name=\"twitter:card\" content=\"summary_large_image\" \/>\n<meta name=\"twitter:creator\" content=\"@jimdo_de\" \/>\n<meta name=\"twitter:site\" content=\"@jimdo_de\" \/>\n<meta name=\"twitter:label1\" content=\"Verfasst von\" \/>\n\t<meta name=\"twitter:data1\" content=\"Jimdo\" \/>\n\t<meta name=\"twitter:label2\" content=\"Gesch\u00e4tzte Lesezeit\" \/>\n\t<meta name=\"twitter:data2\" content=\"10\u00a0Minuten\" \/>\n<script type=\"application\/ld+json\" class=\"yoast-schema-graph\">{\"@context\":\"https:\\\/\\\/schema.org\",\"@graph\":[{\"@type\":\"Article\",\"@id\":\"https:\\\/\\\/www.jimdo.com/de/magazin\\\/wundertuete-selbststaendigkeit-wenn-der-alltag-nicht-alltaeglich-ist\\\/#article\",\"isPartOf\":{\"@id\":\"https:\\\/\\\/www.jimdo.com/de/magazin\\\/wundertuete-selbststaendigkeit-wenn-der-alltag-nicht-alltaeglich-ist\\\/\"},\"author\":{\"name\":\"Jimdo\",\"@id\":\"https:\\\/\\\/www.jimdo.com/de/magazin\\\/#\\\/schema\\\/person\\\/4dabebc7d5d6477941607006cb2fd592\"},\"headline\":\"Wundert\u00fcte Selbstst\u00e4ndigkeit: Wenn der Alltag nicht allt\u00e4glich ist\",\"datePublished\":\"2021-07-22T10:36:12+00:00\",\"dateModified\":\"2026-03-06T14:51:11+00:00\",\"mainEntityOfPage\":{\"@id\":\"https:\\\/\\\/www.jimdo.com/de/magazin\\\/wundertuete-selbststaendigkeit-wenn-der-alltag-nicht-alltaeglich-ist\\\/\"},\"wordCount\":832,\"publisher\":{\"@id\":\"https:\\\/\\\/www.jimdo.com/de/magazin\\\/#organization\"},\"image\":{\"@id\":\"https:\\\/\\\/www.jimdo.com/de/magazin\\\/wundertuete-selbststaendigkeit-wenn-der-alltag-nicht-alltaeglich-ist\\\/#primaryimage\"},\"thumbnailUrl\":\"https:\\\/\\\/i0.wp.com\\\/www.jimdo.com/de/magazin\\\/wp-content\\\/uploads\\\/2021\\\/07\\\/11.png?fit=2048%2C1152&ssl=1\",\"keywords\":[\"User stories\"],\"articleSection\":[\"Inspiration\"],\"inLanguage\":\"de\"},{\"@type\":\"WebPage\",\"@id\":\"https:\\\/\\\/www.jimdo.com/de/magazin\\\/wundertuete-selbststaendigkeit-wenn-der-alltag-nicht-alltaeglich-ist\\\/\",\"url\":\"https:\\\/\\\/www.jimdo.com/de/magazin\\\/wundertuete-selbststaendigkeit-wenn-der-alltag-nicht-alltaeglich-ist\\\/\",\"name\":\"Selbstst\u00e4ndig als K\u00fcnstlerin: Farinas Weg\",\"isPartOf\":{\"@id\":\"https:\\\/\\\/www.jimdo.com/de/magazin\\\/#website\"},\"primaryImageOfPage\":{\"@id\":\"https:\\\/\\\/www.jimdo.com/de/magazin\\\/wundertuete-selbststaendigkeit-wenn-der-alltag-nicht-alltaeglich-ist\\\/#primaryimage\"},\"image\":{\"@id\":\"https:\\\/\\\/www.jimdo.com/de/magazin\\\/wundertuete-selbststaendigkeit-wenn-der-alltag-nicht-alltaeglich-ist\\\/#primaryimage\"},\"thumbnailUrl\":\"https:\\\/\\\/i0.wp.com\\\/www.jimdo.com/de/magazin\\\/wp-content\\\/uploads\\\/2021\\\/07\\\/11.png?fit=2048%2C1152&ssl=1\",\"datePublished\":\"2021-07-22T10:36:12+00:00\",\"dateModified\":\"2026-03-06T14:51:11+00:00\",\"description\":\"Wie f\u00fchlt sich Selbstst\u00e4ndigkeit wirklich an? Farina erz\u00e4hlt von Kunst, Mut und den vielen Aufgaben hinter dem Traum vom eigenen Business.\",\"breadcrumb\":{\"@id\":\"https:\\\/\\\/www.jimdo.com/de/magazin\\\/wundertuete-selbststaendigkeit-wenn-der-alltag-nicht-alltaeglich-ist\\\/#breadcrumb\"},\"inLanguage\":\"de\",\"potentialAction\":[{\"@type\":\"ReadAction\",\"target\":[\"https:\\\/\\\/www.jimdo.com/de/magazin\\\/wundertuete-selbststaendigkeit-wenn-der-alltag-nicht-alltaeglich-ist\\\/\"]}]},{\"@type\":\"ImageObject\",\"inLanguage\":\"de\",\"@id\":\"https:\\\/\\\/www.jimdo.com/de/magazin\\\/wundertuete-selbststaendigkeit-wenn-der-alltag-nicht-alltaeglich-ist\\\/#primaryimage\",\"url\":\"https:\\\/\\\/i0.wp.com\\\/www.jimdo.com/de/magazin\\\/wp-content\\\/uploads\\\/2021\\\/07\\\/11.png?fit=2048%2C1152&ssl=1\",\"contentUrl\":\"https:\\\/\\\/i0.wp.com\\\/www.jimdo.com/de/magazin\\\/wp-content\\\/uploads\\\/2021\\\/07\\\/11.png?fit=2048%2C1152&ssl=1\",\"width\":2048,\"height\":1152,\"caption\":\"K\u00fcnstlerin Farina mit Pinsel in der Hand\"},{\"@type\":\"BreadcrumbList\",\"@id\":\"https:\\\/\\\/www.jimdo.com/de/magazin\\\/wundertuete-selbststaendigkeit-wenn-der-alltag-nicht-alltaeglich-ist\\\/#breadcrumb\",\"itemListElement\":[{\"@type\":\"ListItem\",\"position\":1,\"name\":\"Startseite\",\"item\":\"https:\\\/\\\/www.jimdo.com/de/magazin\\\/\"},{\"@type\":\"ListItem\",\"position\":2,\"name\":\"Wundert\u00fcte Selbstst\u00e4ndigkeit: Wenn der Alltag nicht allt\u00e4glich ist\"}]},{\"@type\":\"WebSite\",\"@id\":\"https:\\\/\\\/www.jimdo.com/de/magazin\\\/#website\",\"url\":\"https:\\\/\\\/www.jimdo.com/de/magazin\\\/\",\"name\":\"Das Jimdo-Magazin f\u00fcr Unternehmer\",\"description\":\"\",\"publisher\":{\"@id\":\"https:\\\/\\\/www.jimdo.com/de/magazin\\\/#organization\"},\"potentialAction\":[{\"@type\":\"SearchAction\",\"target\":{\"@type\":\"EntryPoint\",\"urlTemplate\":\"https:\\\/\\\/www.jimdo.com/de/magazin\\\/?s={search_term_string}\"},\"query-input\":{\"@type\":\"PropertyValueSpecification\",\"valueRequired\":true,\"valueName\":\"search_term_string\"}}],\"inLanguage\":\"de\"},{\"@type\":\"Organization\",\"@id\":\"https:\\\/\\\/www.jimdo.com/de/magazin\\\/#organization\",\"name\":\"Jimdo GmbH\",\"url\":\"https:\\\/\\\/www.jimdo.com/de/magazin\\\/\",\"logo\":{\"@type\":\"ImageObject\",\"inLanguage\":\"de\",\"@id\":\"https:\\\/\\\/www.jimdo.com/de/magazin\\\/#\\\/schema\\\/logo\\\/image\\\/\",\"url\":\"https:\\\/\\\/www.jimdo.com/de/magazin\\\/wp-content\\\/uploads\\\/2020\\\/03\\\/JimdoLogo-2019-main-petrol-transparent.png\",\"contentUrl\":\"https:\\\/\\\/www.jimdo.com/de/magazin\\\/wp-content\\\/uploads\\\/2020\\\/03\\\/JimdoLogo-2019-main-petrol-transparent.png\",\"width\":2048,\"height\":844,\"caption\":\"Jimdo GmbH\"},\"image\":{\"@id\":\"https:\\\/\\\/www.jimdo.com/de/magazin\\\/#\\\/schema\\\/logo\\\/image\\\/\"},\"sameAs\":[\"https:\\\/\\\/www.facebook.com\\\/Jimdo.de\",\"https:\\\/\\\/x.com\\\/jimdo_de\",\"https:\\\/\\\/www.instagram.com\\\/jimdo_official\\\/\",\"https:\\\/\\\/www.youtube.com\\\/jimdode\"]},{\"@type\":\"Person\",\"@id\":\"https:\\\/\\\/www.jimdo.com/de/magazin\\\/#\\\/schema\\\/person\\\/4dabebc7d5d6477941607006cb2fd592\",\"name\":\"Jimdo\",\"image\":{\"@type\":\"ImageObject\",\"inLanguage\":\"de\",\"@id\":\"https:\\\/\\\/secure.gravatar.com\\\/avatar\\\/2506bfab94e877841212e235c7148d443cd1a56b3ca7e617bd0bc48887dc682f?s=96&d=identicon&r=g\",\"url\":\"https:\\\/\\\/secure.gravatar.com\\\/avatar\\\/2506bfab94e877841212e235c7148d443cd1a56b3ca7e617bd0bc48887dc682f?s=96&d=identicon&r=g\",\"contentUrl\":\"https:\\\/\\\/secure.gravatar.com\\\/avatar\\\/2506bfab94e877841212e235c7148d443cd1a56b3ca7e617bd0bc48887dc682f?s=96&d=identicon&r=g\",\"caption\":\"Jimdo\"},\"description\":\"Der Blog f\u00fcr Selbstst\u00e4ndige und kleine Unternehmen rund um Selbstst\u00e4ndigkeit, Marketing und die besten Website-Tipps zu Design, Onlineshop, SEO und Co.\",\"url\":\"https:\\\/\\\/www.jimdo.com/de/magazin\\\/author\\\/jimdomagazine\\\/\"}]}<\/script>\n<!-- \/ Yoast SEO plugin. -->","yoast_head_json":{"title":"Selbstst\u00e4ndig als K\u00fcnstlerin: Farinas Weg","description":"Wie f\u00fchlt sich Selbstst\u00e4ndigkeit wirklich an? Farina erz\u00e4hlt von Kunst, Mut und den vielen Aufgaben hinter dem Traum vom eigenen Business.","robots":{"index":"index","follow":"follow","max-snippet":"max-snippet:-1","max-image-preview":"max-image-preview:large","max-video-preview":"max-video-preview:-1"},"canonical":"https:\/\/www.jimdo.com/de/magazin\/wundertuete-selbststaendigkeit-wenn-der-alltag-nicht-alltaeglich-ist\/","og_locale":"de_DE","og_type":"article","og_title":"Selbstst\u00e4ndig als K\u00fcnstlerin: Farinas Weg","og_description":"Wie f\u00fchlt sich Selbstst\u00e4ndigkeit wirklich an? Farina erz\u00e4hlt von Kunst, Mut und den vielen Aufgaben hinter dem Traum vom eigenen Business.","og_url":"https:\/\/www.jimdo.com/de/magazin\/wundertuete-selbststaendigkeit-wenn-der-alltag-nicht-alltaeglich-ist\/","og_site_name":"Das Jimdo-Magazin f\u00fcr Unternehmer","article_publisher":"https:\/\/www.facebook.com\/Jimdo.de","article_published_time":"2021-07-22T10:36:12+00:00","article_modified_time":"2026-03-06T14:51:11+00:00","og_image":[{"width":2048,"height":1152,"url":"https:\/\/www.jimdo.com/de/magazin\/wp-content\/uploads\/2021\/07\/11.png","type":"image\/png"}],"author":"Jimdo","twitter_card":"summary_large_image","twitter_creator":"@jimdo_de","twitter_site":"@jimdo_de","twitter_misc":{"Verfasst von":"Jimdo","Gesch\u00e4tzte Lesezeit":"10\u00a0Minuten"},"schema":{"@context":"https:\/\/schema.org","@graph":[{"@type":"Article","@id":"https:\/\/www.jimdo.com/de/magazin\/wundertuete-selbststaendigkeit-wenn-der-alltag-nicht-alltaeglich-ist\/#article","isPartOf":{"@id":"https:\/\/www.jimdo.com/de/magazin\/wundertuete-selbststaendigkeit-wenn-der-alltag-nicht-alltaeglich-ist\/"},"author":{"name":"Jimdo","@id":"https:\/\/www.jimdo.com/de/magazin\/#\/schema\/person\/4dabebc7d5d6477941607006cb2fd592"},"headline":"Wundert\u00fcte Selbstst\u00e4ndigkeit: Wenn der Alltag nicht allt\u00e4glich ist","datePublished":"2021-07-22T10:36:12+00:00","dateModified":"2026-03-06T14:51:11+00:00","mainEntityOfPage":{"@id":"https:\/\/www.jimdo.com/de/magazin\/wundertuete-selbststaendigkeit-wenn-der-alltag-nicht-alltaeglich-ist\/"},"wordCount":832,"publisher":{"@id":"https:\/\/www.jimdo.com/de/magazin\/#organization"},"image":{"@id":"https:\/\/www.jimdo.com/de/magazin\/wundertuete-selbststaendigkeit-wenn-der-alltag-nicht-alltaeglich-ist\/#primaryimage"},"thumbnailUrl":"https:\/\/i0.wp.com\/www.jimdo.com/de/magazin\/wp-content\/uploads\/2021\/07\/11.png?fit=2048%2C1152&ssl=1","keywords":["User stories"],"articleSection":["Inspiration"],"inLanguage":"de"},{"@type":"WebPage","@id":"https:\/\/www.jimdo.com/de/magazin\/wundertuete-selbststaendigkeit-wenn-der-alltag-nicht-alltaeglich-ist\/","url":"https:\/\/www.jimdo.com/de/magazin\/wundertuete-selbststaendigkeit-wenn-der-alltag-nicht-alltaeglich-ist\/","name":"Selbstst\u00e4ndig als K\u00fcnstlerin: Farinas Weg","isPartOf":{"@id":"https:\/\/www.jimdo.com/de/magazin\/#website"},"primaryImageOfPage":{"@id":"https:\/\/www.jimdo.com/de/magazin\/wundertuete-selbststaendigkeit-wenn-der-alltag-nicht-alltaeglich-ist\/#primaryimage"},"image":{"@id":"https:\/\/www.jimdo.com/de/magazin\/wundertuete-selbststaendigkeit-wenn-der-alltag-nicht-alltaeglich-ist\/#primaryimage"},"thumbnailUrl":"https:\/\/i0.wp.com\/www.jimdo.com/de/magazin\/wp-content\/uploads\/2021\/07\/11.png?fit=2048%2C1152&ssl=1","datePublished":"2021-07-22T10:36:12+00:00","dateModified":"2026-03-06T14:51:11+00:00","description":"Wie f\u00fchlt sich Selbstst\u00e4ndigkeit wirklich an? Farina erz\u00e4hlt von Kunst, Mut und den vielen Aufgaben hinter dem Traum vom eigenen Business.","breadcrumb":{"@id":"https:\/\/www.jimdo.com/de/magazin\/wundertuete-selbststaendigkeit-wenn-der-alltag-nicht-alltaeglich-ist\/#breadcrumb"},"inLanguage":"de","potentialAction":[{"@type":"ReadAction","target":["https:\/\/www.jimdo.com/de/magazin\/wundertuete-selbststaendigkeit-wenn-der-alltag-nicht-alltaeglich-ist\/"]}]},{"@type":"ImageObject","inLanguage":"de","@id":"https:\/\/www.jimdo.com/de/magazin\/wundertuete-selbststaendigkeit-wenn-der-alltag-nicht-alltaeglich-ist\/#primaryimage","url":"https:\/\/i0.wp.com\/www.jimdo.com/de/magazin\/wp-content\/uploads\/2021\/07\/11.png?fit=2048%2C1152&ssl=1","contentUrl":"https:\/\/i0.wp.com\/www.jimdo.com/de/magazin\/wp-content\/uploads\/2021\/07\/11.png?fit=2048%2C1152&ssl=1","width":2048,"height":1152,"caption":"K\u00fcnstlerin Farina mit Pinsel in der Hand"},{"@type":"BreadcrumbList","@id":"https:\/\/www.jimdo.com/de/magazin\/wundertuete-selbststaendigkeit-wenn-der-alltag-nicht-alltaeglich-ist\/#breadcrumb","itemListElement":[{"@type":"ListItem","position":1,"name":"Startseite","item":"https:\/\/www.jimdo.com/de/magazin\/"},{"@type":"ListItem","position":2,"name":"Wundert\u00fcte Selbstst\u00e4ndigkeit: Wenn der Alltag nicht allt\u00e4glich ist"}]},{"@type":"WebSite","@id":"https:\/\/www.jimdo.com/de/magazin\/#website","url":"https:\/\/www.jimdo.com/de/magazin\/","name":"Das Jimdo-Magazin f\u00fcr Unternehmer","description":"","publisher":{"@id":"https:\/\/www.jimdo.com/de/magazin\/#organization"},"potentialAction":[{"@type":"SearchAction","target":{"@type":"EntryPoint","urlTemplate":"https:\/\/www.jimdo.com/de/magazin\/?s={search_term_string}"},"query-input":{"@type":"PropertyValueSpecification","valueRequired":true,"valueName":"search_term_string"}}],"inLanguage":"de"},{"@type":"Organization","@id":"https:\/\/www.jimdo.com/de/magazin\/#organization","name":"Jimdo GmbH","url":"https:\/\/www.jimdo.com/de/magazin\/","logo":{"@type":"ImageObject","inLanguage":"de","@id":"https:\/\/www.jimdo.com/de/magazin\/#\/schema\/logo\/image\/","url":"https:\/\/www.jimdo.com/de/magazin\/wp-content\/uploads\/2020\/03\/JimdoLogo-2019-main-petrol-transparent.png","contentUrl":"https:\/\/www.jimdo.com/de/magazin\/wp-content\/uploads\/2020\/03\/JimdoLogo-2019-main-petrol-transparent.png","width":2048,"height":844,"caption":"Jimdo GmbH"},"image":{"@id":"https:\/\/www.jimdo.com/de/magazin\/#\/schema\/logo\/image\/"},"sameAs":["https:\/\/www.facebook.com\/Jimdo.de","https:\/\/x.com\/jimdo_de","https:\/\/www.instagram.com\/jimdo_official\/","https:\/\/www.youtube.com\/jimdode"]},{"@type":"Person","@id":"https:\/\/www.jimdo.com/de/magazin\/#\/schema\/person\/4dabebc7d5d6477941607006cb2fd592","name":"Jimdo","image":{"@type":"ImageObject","inLanguage":"de","@id":"https:\/\/secure.gravatar.com\/avatar\/2506bfab94e877841212e235c7148d443cd1a56b3ca7e617bd0bc48887dc682f?s=96&d=identicon&r=g","url":"https:\/\/secure.gravatar.com\/avatar\/2506bfab94e877841212e235c7148d443cd1a56b3ca7e617bd0bc48887dc682f?s=96&d=identicon&r=g","contentUrl":"https:\/\/secure.gravatar.com\/avatar\/2506bfab94e877841212e235c7148d443cd1a56b3ca7e617bd0bc48887dc682f?s=96&d=identicon&r=g","caption":"Jimdo"},"description":"Der Blog f\u00fcr Selbstst\u00e4ndige und kleine Unternehmen rund um Selbstst\u00e4ndigkeit, Marketing und die besten Website-Tipps zu Design, Onlineshop, SEO und Co.","url":"https:\/\/www.jimdo.com/de/magazin\/author\/jimdomagazine\/"}]}},"jetpack_featured_media_url":"https:\/\/i0.wp.com\/www.jimdo.com/de/magazin\/wp-content\/uploads\/2021\/07\/11.png?fit=2048%2C1152&ssl=1","jetpack_sharing_enabled":true,"jetpack-related-posts":[{"id":6571,"url":"https:\/\/www.jimdo.com/de/magazin\/die-wichtigsten-ki-tools-2026-fuer-selbststaendige-und-freelancer\/","url_meta":{"origin":4727,"position":0},"title":"Die wichtigsten KI-Tools 2026 f\u00fcr Selbstst\u00e4ndige und Freelancer","author":"Catherine Burmester","date":"25. Februar 2026","format":false,"excerpt":"K\u00fcnstliche Intelligenz ist f\u00fcr Selbstst\u00e4ndige, Freelancer und Kleinstunternehmer:innen kein Zukunftsthema mehr \u2014 sie ist ein entscheidender Wettbewerbsvorteil. Laut KfW-Gr\u00fcndungsmonitor 2024 haben 58 % der Selbstst\u00e4ndigen in Deutschland zu wenig Zeit f\u00fcr strategische Themen wie Marketing oder Kundengewinnung. Gleichzeitig stehen 2026 mehr KI-Tools zur Verf\u00fcgung als je zuvor. Doch nicht jedes\u2026","rel":"","context":"In &quot;KI-Guide&quot;","block_context":{"text":"KI-Guide","link":"https:\/\/www.jimdo.com/de/magazin\/ki-guide\/"},"img":{"alt_text":"Jimdo Domain finden","src":"https:\/\/i0.wp.com\/www.jimdo.com/de/magazin\/wp-content\/uploads\/2018\/04\/Option-3-How-to-find-the-best-domain.png?fit=1200%2C755&ssl=1&resize=350%2C200","width":350,"height":200,"srcset":"https:\/\/i0.wp.com\/www.jimdo.com/de/magazin\/wp-content\/uploads\/2018\/04\/Option-3-How-to-find-the-best-domain.png?fit=1200%2C755&ssl=1&resize=350%2C200 1x, https:\/\/i0.wp.com\/www.jimdo.com/de/magazin\/wp-content\/uploads\/2018\/04\/Option-3-How-to-find-the-best-domain.png?fit=1200%2C755&ssl=1&resize=525%2C300 1.5x, https:\/\/i0.wp.com\/www.jimdo.com/de/magazin\/wp-content\/uploads\/2018\/04\/Option-3-How-to-find-the-best-domain.png?fit=1200%2C755&ssl=1&resize=700%2C400 2x, https:\/\/i0.wp.com\/www.jimdo.com/de/magazin\/wp-content\/uploads\/2018\/04\/Option-3-How-to-find-the-best-domain.png?fit=1200%2C755&ssl=1&resize=1050%2C600 3x"},"classes":[]},{"id":6425,"url":"https:\/\/www.jimdo.com/de/magazin\/jimdo-flows-weihnachtsangebote\/","url_meta":{"origin":4727,"position":1},"title":"Wie Jimdo Flows dir hilft, dein Business in der Weihnachtszeit wachsen zu lassen","author":"Lilli Brinkert","date":"17. Dezember 2025","format":false,"excerpt":"Die Zeit rund um Weihnachten und den Jahreswechsel hat ihren ganz eigenen Rhythmus. Viele sind in einem: \u201eIch brauche noch ein Geschenk\u201c, \u201eIch m\u00f6chte mich f\u00fcr die Feiertage schick machen\u201c oder \u201eIm neuen Jahr will ich richtig durchstarten.\u201c - Modus.\u00a0 F\u00fcr dich als Selbstst\u00e4ndige*n ist das die perfekte Gelegenheit, genau\u2026","rel":"","context":"In &quot;Business-Wissen&quot;","block_context":{"text":"Business-Wissen","link":"https:\/\/www.jimdo.com/de/magazin\/business-wissen\/"},"img":{"alt_text":"Weihnachtsangebote f\u00fcr Selbstst\u00e4ndige mit Jimdo Flows \u2013 Beispiel f\u00fcr saisonale Aktionen","src":"https:\/\/i0.wp.com\/www.jimdo.com/de/magazin\/wp-content\/uploads\/2025\/12\/GER-1.png?fit=1200%2C696&ssl=1&resize=350%2C200","width":350,"height":200,"srcset":"https:\/\/i0.wp.com\/www.jimdo.com/de/magazin\/wp-content\/uploads\/2025\/12\/GER-1.png?fit=1200%2C696&ssl=1&resize=350%2C200 1x, https:\/\/i0.wp.com\/www.jimdo.com/de/magazin\/wp-content\/uploads\/2025\/12\/GER-1.png?fit=1200%2C696&ssl=1&resize=525%2C300 1.5x, https:\/\/i0.wp.com\/www.jimdo.com/de/magazin\/wp-content\/uploads\/2025\/12\/GER-1.png?fit=1200%2C696&ssl=1&resize=700%2C400 2x, https:\/\/i0.wp.com\/www.jimdo.com/de/magazin\/wp-content\/uploads\/2025\/12\/GER-1.png?fit=1200%2C696&ssl=1&resize=1050%2C600 3x"},"classes":[]},{"id":6461,"url":"https:\/\/www.jimdo.com/de/magazin\/meine-website-ist-meine-administrative-assistenz\/","url_meta":{"origin":4727,"position":2},"title":"\u201eMeine Website ist meine administrative Assistenz\u201c","author":"Lee-Ann von Oesen","date":"9. Februar 2026","format":false,"excerpt":"Wie Massagetherapeutin Christin Altmann mit Jimdo Zeit spart, Struktur schafft und ihren Kund:innen echte Aufmerksamkeit schenkt. Christin Altmann ist anders und das sp\u00fcrt man vom ersten Moment an. Wer ihre Massagepraxis \u201cAlltagspause\u201d in Hamburg betritt, bekommt nicht einfach eine Behandlung. Man wird empfangen, geh\u00f6rt, gesehen. Die 47-j\u00e4hrige Hamburgerin hei\u00dft ihre\u2026","rel":"","context":"In &quot;Business-Wissen&quot;","block_context":{"text":"Business-Wissen","link":"https:\/\/www.jimdo.com/de/magazin\/business-wissen\/"},"img":{"alt_text":"","src":"https:\/\/i0.wp.com\/www.jimdo.com/de/magazin\/wp-content\/uploads\/2026\/02\/image4-scaled.jpeg?fit=1200%2C800&ssl=1&resize=350%2C200","width":350,"height":200,"srcset":"https:\/\/i0.wp.com\/www.jimdo.com/de/magazin\/wp-content\/uploads\/2026\/02\/image4-scaled.jpeg?fit=1200%2C800&ssl=1&resize=350%2C200 1x, https:\/\/i0.wp.com\/www.jimdo.com/de/magazin\/wp-content\/uploads\/2026\/02\/image4-scaled.jpeg?fit=1200%2C800&ssl=1&resize=525%2C300 1.5x, https:\/\/i0.wp.com\/www.jimdo.com/de/magazin\/wp-content\/uploads\/2026\/02\/image4-scaled.jpeg?fit=1200%2C800&ssl=1&resize=700%2C400 2x, https:\/\/i0.wp.com\/www.jimdo.com/de/magazin\/wp-content\/uploads\/2026\/02\/image4-scaled.jpeg?fit=1200%2C800&ssl=1&resize=1050%2C600 3x"},"classes":[]},{"id":6168,"url":"https:\/\/www.jimdo.com/de/magazin\/vera-story\/","url_meta":{"origin":4727,"position":3},"title":"Geschichten voller Emotionen: Traurednerin Vera gestaltet unvergessliche Momente","author":"Jimdo","date":"14. Dezember 2024","format":false,"excerpt":"Mit einer Leidenschaft f\u00fcr das Schreiben und einem Glauben an die gro\u00dfe Liebe sorgt Vera Opdemom als freie Traurednerin daf\u00fcr, dass Hochzeitspaare ihre ganz pers\u00f6nliche Zeremonie erleben. Geholfen hat ihr auf dem Weg in die Selbstst\u00e4ndigkeit nicht nur der eigene Ansporn, sondern auch das richtige Online-Marketing.\u00a0","rel":"","context":"In &quot;Inspiration&quot;","block_context":{"text":"Inspiration","link":"https:\/\/www.jimdo.com/de/magazin\/inspiration\/"},"img":{"alt_text":"","src":"https:\/\/i0.wp.com\/www.jimdo.com/de/magazin\/wp-content\/uploads\/2024\/12\/1Z5A9157.jpg?fit=1200%2C800&ssl=1&resize=350%2C200","width":350,"height":200,"srcset":"https:\/\/i0.wp.com\/www.jimdo.com/de/magazin\/wp-content\/uploads\/2024\/12\/1Z5A9157.jpg?fit=1200%2C800&ssl=1&resize=350%2C200 1x, https:\/\/i0.wp.com\/www.jimdo.com/de/magazin\/wp-content\/uploads\/2024\/12\/1Z5A9157.jpg?fit=1200%2C800&ssl=1&resize=525%2C300 1.5x, https:\/\/i0.wp.com\/www.jimdo.com/de/magazin\/wp-content\/uploads\/2024\/12\/1Z5A9157.jpg?fit=1200%2C800&ssl=1&resize=700%2C400 2x, https:\/\/i0.wp.com\/www.jimdo.com/de/magazin\/wp-content\/uploads\/2024\/12\/1Z5A9157.jpg?fit=1200%2C800&ssl=1&resize=1050%2C600 3x"},"classes":[]},{"id":6626,"url":"https:\/\/www.jimdo.com/de/magazin\/die-6-besten-ki-website-baukaesten-2026-im-vergleich\/","url_meta":{"origin":4727,"position":4},"title":"Die 6 besten KI-Website-Bauk\u00e4sten 2026 im Vergleich","author":"Lidia Fabian","date":"18. M\u00e4rz 2026","format":false,"excerpt":"So findest du als Selbstst\u00e4ndige:r den KI-Websitebaukasten, der nicht nur deine Website baut \u2014 sondern dir hilft, Kund:innen zu gewinnen. Einen KI-Websitebaukasten auszuw\u00e4hlen klingt einfach \u2014 bis du merkst, wie viele Anbieter es gibt und wie unterschiedlich sie arbeiten. 2026 hat praktisch jeder Homepage-Baukasten eine KI-Funktion. Manche generieren in 30\u2026","rel":"","context":"In &quot;KI-Guide&quot;","block_context":{"text":"KI-Guide","link":"https:\/\/www.jimdo.com/de/magazin\/ki-guide\/"},"img":{"alt_text":"Die 6 besten KI website Builder","src":"https:\/\/i0.wp.com\/www.jimdo.com/de/magazin\/wp-content\/uploads\/2026\/03\/Article-header.png?fit=1120%2C630&ssl=1&resize=350%2C200","width":350,"height":200,"srcset":"https:\/\/i0.wp.com\/www.jimdo.com/de/magazin\/wp-content\/uploads\/2026\/03\/Article-header.png?fit=1120%2C630&ssl=1&resize=350%2C200 1x, https:\/\/i0.wp.com\/www.jimdo.com/de/magazin\/wp-content\/uploads\/2026\/03\/Article-header.png?fit=1120%2C630&ssl=1&resize=525%2C300 1.5x, https:\/\/i0.wp.com\/www.jimdo.com/de/magazin\/wp-content\/uploads\/2026\/03\/Article-header.png?fit=1120%2C630&ssl=1&resize=700%2C400 2x, https:\/\/i0.wp.com\/www.jimdo.com/de/magazin\/wp-content\/uploads\/2026\/03\/Article-header.png?fit=1120%2C630&ssl=1&resize=1050%2C600 3x"},"classes":[]},{"id":3817,"url":"https:\/\/www.jimdo.com/de/magazin\/virtueller-assistent-finden\/","url_meta":{"origin":4727,"position":5},"title":"Was ist virtuelle Assistenz? Aufgaben, Vorteile &amp; KI erkl\u00e4rt","author":"Lilli Brinkert","date":"17. April 2026","format":false,"excerpt":"Lest hier, wobei ein virtueller Assistent euer Business unterst\u00fctzt und warum er sich f\u00fcr euch lohnen kann.","rel":"","context":"In &quot;Business-Wissen&quot;","block_context":{"text":"Business-Wissen","link":"https:\/\/www.jimdo.com/de/magazin\/business-wissen\/"},"img":{"alt_text":"Eine Selbstst\u00e4ndige telefoniert mit ihrem virtuellen Assistenten","src":"https:\/\/i0.wp.com\/www.jimdo.com/de/magazin\/wp-content\/uploads\/2020\/10\/Do_you_need_a_VA_4.jpg.jpg?fit=1200%2C600&ssl=1&resize=350%2C200","width":350,"height":200,"srcset":"https:\/\/i0.wp.com\/www.jimdo.com/de/magazin\/wp-content\/uploads\/2020\/10\/Do_you_need_a_VA_4.jpg.jpg?fit=1200%2C600&ssl=1&resize=350%2C200 1x, https:\/\/i0.wp.com\/www.jimdo.com/de/magazin\/wp-content\/uploads\/2020\/10\/Do_you_need_a_VA_4.jpg.jpg?fit=1200%2C600&ssl=1&resize=525%2C300 1.5x, https:\/\/i0.wp.com\/www.jimdo.com/de/magazin\/wp-content\/uploads\/2020\/10\/Do_you_need_a_VA_4.jpg.jpg?fit=1200%2C600&ssl=1&resize=700%2C400 2x, https:\/\/i0.wp.com\/www.jimdo.com/de/magazin\/wp-content\/uploads\/2020\/10\/Do_you_need_a_VA_4.jpg.jpg?fit=1200%2C600&ssl=1&resize=1050%2C600 3x"},"classes":[]}],"_links":{"self":[{"href":"https:\/\/www.jimdo.com/de/magazin\/wp-json\/wp\/v2\/posts\/4727","targetHints":{"allow":["GET"]}}],"collection":[{"href":"https:\/\/www.jimdo.com/de/magazin\/wp-json\/wp\/v2\/posts"}],"about":[{"href":"https:\/\/www.jimdo.com/de/magazin\/wp-json\/wp\/v2\/types\/post"}],"author":[{"embeddable":true,"href":"https:\/\/www.jimdo.com/de/magazin\/wp-json\/wp\/v2\/users\/2"}],"replies":[{"embeddable":true,"href":"https:\/\/www.jimdo.com/de/magazin\/wp-json\/wp\/v2\/comments?post=4727"}],"version-history":[{"count":0,"href":"https:\/\/www.jimdo.com/de/magazin\/wp-json\/wp\/v2\/posts\/4727\/revisions"}],"wp:featuredmedia":[{"embeddable":true,"href":"https:\/\/www.jimdo.com/de/magazin\/wp-json\/wp\/v2\/media\/4731"}],"wp:attachment":[{"href":"https:\/\/www.jimdo.com/de/magazin\/wp-json\/wp\/v2\/media?parent=4727"}],"wp:term":[{"taxonomy":"category","embeddable":true,"href":"https:\/\/www.jimdo.com/de/magazin\/wp-json\/wp\/v2\/categories?post=4727"},{"taxonomy":"post_tag","embeddable":true,"href":"https:\/\/www.jimdo.com/de/magazin\/wp-json\/wp\/v2\/tags?post=4727"}],"curies":[{"name":"wp","href":"https:\/\/api.w.org\/{rel}","templated":true}]}}