{"id":5009,"date":"2021-10-27T16:22:49","date_gmt":"2021-10-27T15:22:49","guid":{"rendered":"https:\/\/www.jimdo.com/de/magazin\/?p=5009"},"modified":"2026-03-06T15:55:39","modified_gmt":"2026-03-06T14:55:39","slug":"interview-mit-illustratorin-viktoria","status":"publish","type":"post","link":"https:\/\/www.jimdo.com/de/magazin\/interview-mit-illustratorin-viktoria\/","title":{"rendered":"Der ma\u00dfgeschneiderte Traumjob: Selbstst\u00e4ndigkeit macht\u2019s m\u00f6glich"},"content":{"rendered":"\n<p>Viktoria liebt Illustrieren und die Arbeit mit Kindern. Mit ihrem eigenen Label Nellie &amp; Finn verbindet die Hamburgerin beides \u2013 und hat sich so ihren ganz pers\u00f6nlichen Traumjob erschaffen.<\/p>\n\n\n\n<div class=\"wp-block-columns business-snapshot-block is-layout-flex wp-container-core-columns-is-layout-28f84493 wp-block-columns-is-layout-flex\">\n<div class=\"wp-block-column is-layout-flow wp-block-column-is-layout-flow\">\n<p>Business-Steckbrief: Nellie &amp; Finn<\/p>\n\n\n\n<ul>\n<li><strong>Location: <\/strong>Hamburg<\/li>\n<li><strong>Branche\/Produkt: <\/strong>Kinderb\u00fccher<\/li>\n<li><strong>Wer steckt dahinter: <\/strong>Gelernte Kommunikationsdesignerin Viktoria<\/li>\n<li><strong>Gr\u00fcndungsjahr: <\/strong>2019 \n<\/li><li><strong>Website: <a href=\"https:\/\/\/www.nelliefinn.com\/\" data-tracking=\"business_snapshot_link\">www.nelliefinn.com<\/a><\/strong><\/li><\/ul>\n<\/div>\n<\/div>\n\n\n\n<h3 class=\"wp-block-heading\">\u201cIch habe gemerkt, wie wichtig die N\u00e4he zu den Kindern ist\u201d<\/h3>\n\n\n\n<p>Was Erwachsene \u201ccool\u201d finden, kommt l\u00e4ngst nicht auch immer so gut bei Kindern an. Das wei\u00df Viktoria aus eigener Erfahrung. Deshalb geht sie beim Erstellen ihrer B\u00fccher grunds\u00e4tzlich einen ganz anderen Weg: \u201cMeine B\u00fccher sind f\u00fcr Kinder. Daher macht es nur Sinn, diese auch gemeinsam mit ihnen zu gestalten!\u201d&nbsp;<\/p>\n\n\n\n<h3 class=\"wp-block-heading\">Von Kindern f\u00fcr Kinder<\/h3>\n\n\n\n<p>Ihre besten Ratgeberinnen sind dabei ihre beiden T\u00f6chter. Gemeinsam t\u00fcfteln die drei an spannenden Fragen, Spielen und R\u00e4tseln \u2013 jedes Mal aufs Neue. Sobald m\u00f6gliche Inhalte f\u00fcr ein Buch stehen, geht es aber nicht direkt in Druck, sondern erstmal in die Marktforschung: Was auf den ersten Blick ziemlich wissenschaftlich klingt, ist ein gro\u00dfer Spa\u00df f\u00fcr alle Beteiligten.&nbsp;<\/p>\n\n\n\n<p>\u201cF\u00fcr das Nellie &amp; Finn Freundebuch hatten wir am Ende drei Din A4 Seiten voll mit Fragen. Die haben meine T\u00f6chter dann an ihre Freunde verteilt und ich habe sie mit der Kindergruppe aus meinen N\u00e4hkursen besprochen, die ich zwei Mal die Woche an einer Grundschule gebe.\u201d Als Endergebnis hielt Viktoria dann die Fragen in den H\u00e4nden, die Grundschulkinder auch wirklich spannend finden: \u201cGenau das ist es, was meine B\u00fccher ausmacht. Und von gro\u00dfen Verlags-Produktionen unterscheidet!\u201d&nbsp;<\/p>\n\n\n\n<figure class=\"wp-block-image size-large\"><img data-recalc-dims=\"1\" loading=\"lazy\" decoding=\"async\" width=\"1024\" height=\"384\" src=\"https:\/\/i0.wp.com\/www.jimdo.com/de/magazin\/wp-content\/uploads\/2021\/10\/Untitled-72-x-25-in-72-x-27-in.png?resize=1024%2C384&#038;ssl=1\" alt=\"\" class=\"wp-image-5013\" srcset=\"https:\/\/i0.wp.com\/www.jimdo.com/de/magazin\/wp-content\/uploads\/2021\/10\/Untitled-72-x-25-in-72-x-27-in.png?resize=1024%2C384&amp;ssl=1 1024w, https:\/\/i0.wp.com\/www.jimdo.com/de/magazin\/wp-content\/uploads\/2021\/10\/Untitled-72-x-25-in-72-x-27-in.png?resize=300%2C113&amp;ssl=1 300w, https:\/\/i0.wp.com\/www.jimdo.com/de/magazin\/wp-content\/uploads\/2021\/10\/Untitled-72-x-25-in-72-x-27-in.png?resize=1536%2C576&amp;ssl=1 1536w, https:\/\/i0.wp.com\/www.jimdo.com/de/magazin\/wp-content\/uploads\/2021\/10\/Untitled-72-x-25-in-72-x-27-in.png?w=2048&amp;ssl=1 2048w, https:\/\/i0.wp.com\/www.jimdo.com/de/magazin\/wp-content\/uploads\/2021\/10\/Untitled-72-x-25-in-72-x-27-in.png?resize=714%2C268&amp;ssl=1 714w\" sizes=\"auto, (max-width: 1000px) 100vw, 1000px\" \/><figcaption><meta charset=\"utf-8\">So sieht ein Endergebnis der &#8222;Marktforschung&#8220; aus. <\/figcaption><\/figure>\n\n\n\n<h3 class=\"wp-block-heading\">Aus ihrem Hobby wurde ein Vollzeit-Business<\/h3>\n\n\n\n<p>Urspr\u00fcnglich hat Viktoria Kommunikationsdesign studiert. Sie wollte aber auch immer Grundschullehrerin werden. Letztendlich dauerte es eine Karriere als Editorial-Designerin, zwei Schwangerschaften und einen Abstecher in die Welt des N\u00e4hens, bis Viktoria genau wusste, was sie beruflich machen m\u00f6chte.&nbsp;&nbsp;<\/p>\n\n\n\n<p>\u201cMein Mann, meine Kinder und ich fanden es immer total schade, dass wir nach den Bulli-Sommerferien die ganzen Erinnerungen so schnell wieder vergessen. Also haben wir \u00fcberlegt, wie wir die sch\u00f6nsten Momente festhalten k\u00f6nnen\u201d. Damit begann das Brainstorming am heimatlichen K\u00fcchentisch. Mit Hilfe ihrer ganzen Familie entstand \u201cMein Reisebuch\u201d: Eine bunte Mischung aus Malen, Schreiben, Basteln und R\u00e4tseln.&nbsp;<\/p>\n\n\n\n<p>Auf das erste Buch folgten f\u00fcnf weitere, Postkarten, eine Website und ein Onlineshop. Die Kombination aus Kreativit\u00e4t und Arbeit mit Kindern, f\u00fcr Viktoria die perfekte Mischung und ihr absoluter Traumjob: \u201cMittlerweile sind viele neue Aufgaben dazu gekommen, wie Marketing, Instagram und Co. Dazu habe ich nicht immer Lust \u2013 aber sie locken mich auch aus meiner Komfortzone heraus und ich lerne viel dabei.\u201d<\/p>\n\n\n\n<figure class=\"wp-block-image size-large\"><img data-recalc-dims=\"1\" loading=\"lazy\" decoding=\"async\" width=\"1024\" height=\"576\" src=\"https:\/\/i0.wp.com\/www.jimdo.com/de/magazin\/wp-content\/uploads\/2021\/10\/2-3.png?resize=1024%2C576&#038;ssl=1\" alt=\"\" class=\"wp-image-5011\" srcset=\"https:\/\/i0.wp.com\/www.jimdo.com/de/magazin\/wp-content\/uploads\/2021\/10\/2-3.png?resize=1024%2C576&amp;ssl=1 1024w, https:\/\/i0.wp.com\/www.jimdo.com/de/magazin\/wp-content\/uploads\/2021\/10\/2-3.png?resize=300%2C169&amp;ssl=1 300w, https:\/\/i0.wp.com\/www.jimdo.com/de/magazin\/wp-content\/uploads\/2021\/10\/2-3.png?resize=1536%2C864&amp;ssl=1 1536w, https:\/\/i0.wp.com\/www.jimdo.com/de/magazin\/wp-content\/uploads\/2021\/10\/2-3.png?resize=714%2C402&amp;ssl=1 714w, https:\/\/i0.wp.com\/www.jimdo.com/de/magazin\/wp-content\/uploads\/2021\/10\/2-3.png?w=1600&amp;ssl=1 1600w\" sizes=\"auto, (max-width: 1000px) 100vw, 1000px\" \/><figcaption>Mittlerweile hat das Label Nellie &amp; Finn bereits sechs B\u00fccher herausgebracht. <\/figcaption><\/figure>\n\n\n\n<h3 class=\"wp-block-heading\">\u201cWenn die eigene Arbeit etwas ist, was andere ber\u00fchrt\u201d<\/h3>\n\n\n\n<p>\u201cEs steckt wirklich viel Arbeit und Herzblut in meinen B\u00fcchern. Und wenn man dann wei\u00df, dass all diese M\u00fche in einem kleinen Kinderherzen wieder ankommt und ich so ein winziger Teil im Leben dieses Kindes werde \u2013 dann ist das f\u00fcr mich das Allersch\u00f6nste.\u201d&nbsp;<\/p>\n\n\n\n<p>Letztens erst erz\u00e4hlte ihr eine Freundin, die als Grundschullehrerin in Hamburg arbeitet, dass sie von einem ihrer Spr\u00f6sslinge ein Freundschaftsbuch zum Reinschreiben in die Hand gedr\u00fcckt bekommen hat. Es war das Buch von Viktoria. Genau das sind diese Momente, in denen ihr immer wieder bewusst wird, warum sie ihre Arbeit so liebt.&nbsp;<\/p>\n\n\n\n<hr class=\"wp-block-separator has-css-opacity\"\/>\n\n\n\n<p>Mehr zu Viktorias liebevollen Illustrationen erfahrt ihr auf ihrer <a href=\"https:\/\/www.nelliefinn.com\/\" target=\"_blank\" rel=\"noreferrer noopener\">Website<\/a> und ihrem <a href=\"https:\/\/www.instagram.com\/nellie.finn\/\" target=\"_blank\" rel=\"noreferrer noopener\">Instagram-Account<\/a>. Unbedingt mal reinklicken!<\/p>\n","protected":false},"excerpt":{"rendered":"<p>Viktoria liebt Illustrieren und die Arbeit mit Kindern. Wie sie in ihrem eigenen Label f\u00fcr Kinderb\u00fccher ihren Traumjob gefunden hat, erz\u00e4hlt sie uns im Interview.<\/p>\n","protected":false},"author":2,"featured_media":5010,"comment_status":"closed","ping_status":"closed","sticky":false,"template":"","format":"standard","meta":{"_jetpack_memberships_contains_paid_content":false,"footnotes":""},"categories":[44],"tags":[12],"class_list":["post-5009","post","type-post","status-publish","format-standard","has-post-thumbnail","hentry","category-inspiration","tag-user-stories"],"yoast_head":"<!-- This site is optimized with the Yoast SEO plugin v27.4 - https:\/\/yoast.com\/product\/yoast-seo-wordpress\/ -->\n<title>Selbstst\u00e4ndig mit Kinderb\u00fcchern: Viktorias Weg<\/title>\n<meta name=\"description\" content=\"Vom Hobby zur Marke: Viktoria zeigt, wie sie mit eigenen Kinderb\u00fcchern erfolgreich selbstst\u00e4ndig wurde und ihr Herzensprojekt aufbaute.\" \/>\n<meta name=\"robots\" content=\"index, follow, max-snippet:-1, max-image-preview:large, max-video-preview:-1\" \/>\n<link rel=\"canonical\" href=\"https:\/\/www.jimdo.com/de/magazin\/interview-mit-illustratorin-viktoria\/\" \/>\n<meta property=\"og:locale\" content=\"de_DE\" \/>\n<meta property=\"og:type\" content=\"article\" \/>\n<meta property=\"og:title\" content=\"Selbstst\u00e4ndig mit Kinderb\u00fcchern: Viktorias Weg\" \/>\n<meta property=\"og:description\" content=\"Vom Hobby zur Marke: Viktoria zeigt, wie sie mit eigenen Kinderb\u00fcchern erfolgreich selbstst\u00e4ndig wurde und ihr Herzensprojekt aufbaute.\" \/>\n<meta property=\"og:url\" content=\"https:\/\/www.jimdo.com/de/magazin\/interview-mit-illustratorin-viktoria\/\" \/>\n<meta property=\"og:site_name\" content=\"Das Jimdo-Magazin f\u00fcr Unternehmer\" \/>\n<meta property=\"article:publisher\" content=\"https:\/\/www.facebook.com\/Jimdo.de\" \/>\n<meta property=\"article:published_time\" content=\"2021-10-27T15:22:49+00:00\" \/>\n<meta property=\"article:modified_time\" content=\"2026-03-06T14:55:39+00:00\" \/>\n<meta property=\"og:image\" content=\"https:\/\/www.jimdo.com/de/magazin\/wp-content\/uploads\/2021\/10\/1-3.png\" \/>\n\t<meta property=\"og:image:width\" content=\"1600\" \/>\n\t<meta property=\"og:image:height\" content=\"900\" \/>\n\t<meta property=\"og:image:type\" content=\"image\/png\" \/>\n<meta name=\"author\" content=\"Jimdo\" \/>\n<meta name=\"twitter:card\" content=\"summary_large_image\" \/>\n<meta name=\"twitter:creator\" content=\"@jimdo_de\" \/>\n<meta name=\"twitter:site\" content=\"@jimdo_de\" \/>\n<meta name=\"twitter:label1\" content=\"Verfasst von\" \/>\n\t<meta name=\"twitter:data1\" content=\"Jimdo\" \/>\n\t<meta name=\"twitter:label2\" content=\"Gesch\u00e4tzte Lesezeit\" \/>\n\t<meta name=\"twitter:data2\" content=\"4\u00a0Minuten\" \/>\n<script type=\"application\/ld+json\" class=\"yoast-schema-graph\">{\"@context\":\"https:\\\/\\\/schema.org\",\"@graph\":[{\"@type\":\"Article\",\"@id\":\"https:\\\/\\\/www.jimdo.com/de/magazin\\\/interview-mit-illustratorin-viktoria\\\/#article\",\"isPartOf\":{\"@id\":\"https:\\\/\\\/www.jimdo.com/de/magazin\\\/interview-mit-illustratorin-viktoria\\\/\"},\"author\":{\"name\":\"Jimdo\",\"@id\":\"https:\\\/\\\/www.jimdo.com/de/magazin\\\/#\\\/schema\\\/person\\\/4dabebc7d5d6477941607006cb2fd592\"},\"headline\":\"Der ma\u00dfgeschneiderte Traumjob: Selbstst\u00e4ndigkeit macht\u2019s m\u00f6glich\",\"datePublished\":\"2021-10-27T15:22:49+00:00\",\"dateModified\":\"2026-03-06T14:55:39+00:00\",\"mainEntityOfPage\":{\"@id\":\"https:\\\/\\\/www.jimdo.com/de/magazin\\\/interview-mit-illustratorin-viktoria\\\/\"},\"wordCount\":606,\"publisher\":{\"@id\":\"https:\\\/\\\/www.jimdo.com/de/magazin\\\/#organization\"},\"image\":{\"@id\":\"https:\\\/\\\/www.jimdo.com/de/magazin\\\/interview-mit-illustratorin-viktoria\\\/#primaryimage\"},\"thumbnailUrl\":\"https:\\\/\\\/i0.wp.com\\\/www.jimdo.com/de/magazin\\\/wp-content\\\/uploads\\\/2021\\\/10\\\/1-3.png?fit=1600%2C900&ssl=1\",\"keywords\":[\"User stories\"],\"articleSection\":[\"Inspiration\"],\"inLanguage\":\"de\"},{\"@type\":\"WebPage\",\"@id\":\"https:\\\/\\\/www.jimdo.com/de/magazin\\\/interview-mit-illustratorin-viktoria\\\/\",\"url\":\"https:\\\/\\\/www.jimdo.com/de/magazin\\\/interview-mit-illustratorin-viktoria\\\/\",\"name\":\"Selbstst\u00e4ndig mit Kinderb\u00fcchern: Viktorias Weg\",\"isPartOf\":{\"@id\":\"https:\\\/\\\/www.jimdo.com/de/magazin\\\/#website\"},\"primaryImageOfPage\":{\"@id\":\"https:\\\/\\\/www.jimdo.com/de/magazin\\\/interview-mit-illustratorin-viktoria\\\/#primaryimage\"},\"image\":{\"@id\":\"https:\\\/\\\/www.jimdo.com/de/magazin\\\/interview-mit-illustratorin-viktoria\\\/#primaryimage\"},\"thumbnailUrl\":\"https:\\\/\\\/i0.wp.com\\\/www.jimdo.com/de/magazin\\\/wp-content\\\/uploads\\\/2021\\\/10\\\/1-3.png?fit=1600%2C900&ssl=1\",\"datePublished\":\"2021-10-27T15:22:49+00:00\",\"dateModified\":\"2026-03-06T14:55:39+00:00\",\"description\":\"Vom Hobby zur Marke: Viktoria zeigt, wie sie mit eigenen Kinderb\u00fcchern erfolgreich selbstst\u00e4ndig wurde und ihr Herzensprojekt aufbaute.\",\"breadcrumb\":{\"@id\":\"https:\\\/\\\/www.jimdo.com/de/magazin\\\/interview-mit-illustratorin-viktoria\\\/#breadcrumb\"},\"inLanguage\":\"de\",\"potentialAction\":[{\"@type\":\"ReadAction\",\"target\":[\"https:\\\/\\\/www.jimdo.com/de/magazin\\\/interview-mit-illustratorin-viktoria\\\/\"]}]},{\"@type\":\"ImageObject\",\"inLanguage\":\"de\",\"@id\":\"https:\\\/\\\/www.jimdo.com/de/magazin\\\/interview-mit-illustratorin-viktoria\\\/#primaryimage\",\"url\":\"https:\\\/\\\/i0.wp.com\\\/www.jimdo.com/de/magazin\\\/wp-content\\\/uploads\\\/2021\\\/10\\\/1-3.png?fit=1600%2C900&ssl=1\",\"contentUrl\":\"https:\\\/\\\/i0.wp.com\\\/www.jimdo.com/de/magazin\\\/wp-content\\\/uploads\\\/2021\\\/10\\\/1-3.png?fit=1600%2C900&ssl=1\",\"width\":1600,\"height\":900,\"caption\":\"Viktoria und zwei ihrer illustrierten Figuren f\u00fcr ihre Kinderb\u00fccher\"},{\"@type\":\"BreadcrumbList\",\"@id\":\"https:\\\/\\\/www.jimdo.com/de/magazin\\\/interview-mit-illustratorin-viktoria\\\/#breadcrumb\",\"itemListElement\":[{\"@type\":\"ListItem\",\"position\":1,\"name\":\"Startseite\",\"item\":\"https:\\\/\\\/www.jimdo.com/de/magazin\\\/\"},{\"@type\":\"ListItem\",\"position\":2,\"name\":\"Der ma\u00dfgeschneiderte Traumjob: Selbstst\u00e4ndigkeit macht\u2019s m\u00f6glich\"}]},{\"@type\":\"WebSite\",\"@id\":\"https:\\\/\\\/www.jimdo.com/de/magazin\\\/#website\",\"url\":\"https:\\\/\\\/www.jimdo.com/de/magazin\\\/\",\"name\":\"Das Jimdo-Magazin f\u00fcr Unternehmer\",\"description\":\"\",\"publisher\":{\"@id\":\"https:\\\/\\\/www.jimdo.com/de/magazin\\\/#organization\"},\"potentialAction\":[{\"@type\":\"SearchAction\",\"target\":{\"@type\":\"EntryPoint\",\"urlTemplate\":\"https:\\\/\\\/www.jimdo.com/de/magazin\\\/?s={search_term_string}\"},\"query-input\":{\"@type\":\"PropertyValueSpecification\",\"valueRequired\":true,\"valueName\":\"search_term_string\"}}],\"inLanguage\":\"de\"},{\"@type\":\"Organization\",\"@id\":\"https:\\\/\\\/www.jimdo.com/de/magazin\\\/#organization\",\"name\":\"Jimdo GmbH\",\"url\":\"https:\\\/\\\/www.jimdo.com/de/magazin\\\/\",\"logo\":{\"@type\":\"ImageObject\",\"inLanguage\":\"de\",\"@id\":\"https:\\\/\\\/www.jimdo.com/de/magazin\\\/#\\\/schema\\\/logo\\\/image\\\/\",\"url\":\"https:\\\/\\\/www.jimdo.com/de/magazin\\\/wp-content\\\/uploads\\\/2020\\\/03\\\/JimdoLogo-2019-main-petrol-transparent.png\",\"contentUrl\":\"https:\\\/\\\/www.jimdo.com/de/magazin\\\/wp-content\\\/uploads\\\/2020\\\/03\\\/JimdoLogo-2019-main-petrol-transparent.png\",\"width\":2048,\"height\":844,\"caption\":\"Jimdo GmbH\"},\"image\":{\"@id\":\"https:\\\/\\\/www.jimdo.com/de/magazin\\\/#\\\/schema\\\/logo\\\/image\\\/\"},\"sameAs\":[\"https:\\\/\\\/www.facebook.com\\\/Jimdo.de\",\"https:\\\/\\\/x.com\\\/jimdo_de\",\"https:\\\/\\\/www.instagram.com\\\/jimdo_official\\\/\",\"https:\\\/\\\/www.youtube.com\\\/jimdode\"]},{\"@type\":\"Person\",\"@id\":\"https:\\\/\\\/www.jimdo.com/de/magazin\\\/#\\\/schema\\\/person\\\/4dabebc7d5d6477941607006cb2fd592\",\"name\":\"Jimdo\",\"image\":{\"@type\":\"ImageObject\",\"inLanguage\":\"de\",\"@id\":\"https:\\\/\\\/secure.gravatar.com\\\/avatar\\\/2506bfab94e877841212e235c7148d443cd1a56b3ca7e617bd0bc48887dc682f?s=96&d=identicon&r=g\",\"url\":\"https:\\\/\\\/secure.gravatar.com\\\/avatar\\\/2506bfab94e877841212e235c7148d443cd1a56b3ca7e617bd0bc48887dc682f?s=96&d=identicon&r=g\",\"contentUrl\":\"https:\\\/\\\/secure.gravatar.com\\\/avatar\\\/2506bfab94e877841212e235c7148d443cd1a56b3ca7e617bd0bc48887dc682f?s=96&d=identicon&r=g\",\"caption\":\"Jimdo\"},\"description\":\"Der Blog f\u00fcr Selbstst\u00e4ndige und kleine Unternehmen rund um Selbstst\u00e4ndigkeit, Marketing und die besten Website-Tipps zu Design, Onlineshop, SEO und Co.\",\"url\":\"https:\\\/\\\/www.jimdo.com/de/magazin\\\/author\\\/jimdomagazine\\\/\"}]}<\/script>\n<!-- \/ Yoast SEO plugin. -->","yoast_head_json":{"title":"Selbstst\u00e4ndig mit Kinderb\u00fcchern: Viktorias Weg","description":"Vom Hobby zur Marke: Viktoria zeigt, wie sie mit eigenen Kinderb\u00fcchern erfolgreich selbstst\u00e4ndig wurde und ihr Herzensprojekt aufbaute.","robots":{"index":"index","follow":"follow","max-snippet":"max-snippet:-1","max-image-preview":"max-image-preview:large","max-video-preview":"max-video-preview:-1"},"canonical":"https:\/\/www.jimdo.com/de/magazin\/interview-mit-illustratorin-viktoria\/","og_locale":"de_DE","og_type":"article","og_title":"Selbstst\u00e4ndig mit Kinderb\u00fcchern: Viktorias Weg","og_description":"Vom Hobby zur Marke: Viktoria zeigt, wie sie mit eigenen Kinderb\u00fcchern erfolgreich selbstst\u00e4ndig wurde und ihr Herzensprojekt aufbaute.","og_url":"https:\/\/www.jimdo.com/de/magazin\/interview-mit-illustratorin-viktoria\/","og_site_name":"Das Jimdo-Magazin f\u00fcr Unternehmer","article_publisher":"https:\/\/www.facebook.com\/Jimdo.de","article_published_time":"2021-10-27T15:22:49+00:00","article_modified_time":"2026-03-06T14:55:39+00:00","og_image":[{"width":1600,"height":900,"url":"https:\/\/www.jimdo.com/de/magazin\/wp-content\/uploads\/2021\/10\/1-3.png","type":"image\/png"}],"author":"Jimdo","twitter_card":"summary_large_image","twitter_creator":"@jimdo_de","twitter_site":"@jimdo_de","twitter_misc":{"Verfasst von":"Jimdo","Gesch\u00e4tzte Lesezeit":"4\u00a0Minuten"},"schema":{"@context":"https:\/\/schema.org","@graph":[{"@type":"Article","@id":"https:\/\/www.jimdo.com/de/magazin\/interview-mit-illustratorin-viktoria\/#article","isPartOf":{"@id":"https:\/\/www.jimdo.com/de/magazin\/interview-mit-illustratorin-viktoria\/"},"author":{"name":"Jimdo","@id":"https:\/\/www.jimdo.com/de/magazin\/#\/schema\/person\/4dabebc7d5d6477941607006cb2fd592"},"headline":"Der ma\u00dfgeschneiderte Traumjob: Selbstst\u00e4ndigkeit macht\u2019s m\u00f6glich","datePublished":"2021-10-27T15:22:49+00:00","dateModified":"2026-03-06T14:55:39+00:00","mainEntityOfPage":{"@id":"https:\/\/www.jimdo.com/de/magazin\/interview-mit-illustratorin-viktoria\/"},"wordCount":606,"publisher":{"@id":"https:\/\/www.jimdo.com/de/magazin\/#organization"},"image":{"@id":"https:\/\/www.jimdo.com/de/magazin\/interview-mit-illustratorin-viktoria\/#primaryimage"},"thumbnailUrl":"https:\/\/i0.wp.com\/www.jimdo.com/de/magazin\/wp-content\/uploads\/2021\/10\/1-3.png?fit=1600%2C900&ssl=1","keywords":["User stories"],"articleSection":["Inspiration"],"inLanguage":"de"},{"@type":"WebPage","@id":"https:\/\/www.jimdo.com/de/magazin\/interview-mit-illustratorin-viktoria\/","url":"https:\/\/www.jimdo.com/de/magazin\/interview-mit-illustratorin-viktoria\/","name":"Selbstst\u00e4ndig mit Kinderb\u00fcchern: Viktorias Weg","isPartOf":{"@id":"https:\/\/www.jimdo.com/de/magazin\/#website"},"primaryImageOfPage":{"@id":"https:\/\/www.jimdo.com/de/magazin\/interview-mit-illustratorin-viktoria\/#primaryimage"},"image":{"@id":"https:\/\/www.jimdo.com/de/magazin\/interview-mit-illustratorin-viktoria\/#primaryimage"},"thumbnailUrl":"https:\/\/i0.wp.com\/www.jimdo.com/de/magazin\/wp-content\/uploads\/2021\/10\/1-3.png?fit=1600%2C900&ssl=1","datePublished":"2021-10-27T15:22:49+00:00","dateModified":"2026-03-06T14:55:39+00:00","description":"Vom Hobby zur Marke: Viktoria zeigt, wie sie mit eigenen Kinderb\u00fcchern erfolgreich selbstst\u00e4ndig wurde und ihr Herzensprojekt aufbaute.","breadcrumb":{"@id":"https:\/\/www.jimdo.com/de/magazin\/interview-mit-illustratorin-viktoria\/#breadcrumb"},"inLanguage":"de","potentialAction":[{"@type":"ReadAction","target":["https:\/\/www.jimdo.com/de/magazin\/interview-mit-illustratorin-viktoria\/"]}]},{"@type":"ImageObject","inLanguage":"de","@id":"https:\/\/www.jimdo.com/de/magazin\/interview-mit-illustratorin-viktoria\/#primaryimage","url":"https:\/\/i0.wp.com\/www.jimdo.com/de/magazin\/wp-content\/uploads\/2021\/10\/1-3.png?fit=1600%2C900&ssl=1","contentUrl":"https:\/\/i0.wp.com\/www.jimdo.com/de/magazin\/wp-content\/uploads\/2021\/10\/1-3.png?fit=1600%2C900&ssl=1","width":1600,"height":900,"caption":"Viktoria und zwei ihrer illustrierten Figuren f\u00fcr ihre Kinderb\u00fccher"},{"@type":"BreadcrumbList","@id":"https:\/\/www.jimdo.com/de/magazin\/interview-mit-illustratorin-viktoria\/#breadcrumb","itemListElement":[{"@type":"ListItem","position":1,"name":"Startseite","item":"https:\/\/www.jimdo.com/de/magazin\/"},{"@type":"ListItem","position":2,"name":"Der ma\u00dfgeschneiderte Traumjob: Selbstst\u00e4ndigkeit macht\u2019s m\u00f6glich"}]},{"@type":"WebSite","@id":"https:\/\/www.jimdo.com/de/magazin\/#website","url":"https:\/\/www.jimdo.com/de/magazin\/","name":"Das Jimdo-Magazin f\u00fcr Unternehmer","description":"","publisher":{"@id":"https:\/\/www.jimdo.com/de/magazin\/#organization"},"potentialAction":[{"@type":"SearchAction","target":{"@type":"EntryPoint","urlTemplate":"https:\/\/www.jimdo.com/de/magazin\/?s={search_term_string}"},"query-input":{"@type":"PropertyValueSpecification","valueRequired":true,"valueName":"search_term_string"}}],"inLanguage":"de"},{"@type":"Organization","@id":"https:\/\/www.jimdo.com/de/magazin\/#organization","name":"Jimdo GmbH","url":"https:\/\/www.jimdo.com/de/magazin\/","logo":{"@type":"ImageObject","inLanguage":"de","@id":"https:\/\/www.jimdo.com/de/magazin\/#\/schema\/logo\/image\/","url":"https:\/\/www.jimdo.com/de/magazin\/wp-content\/uploads\/2020\/03\/JimdoLogo-2019-main-petrol-transparent.png","contentUrl":"https:\/\/www.jimdo.com/de/magazin\/wp-content\/uploads\/2020\/03\/JimdoLogo-2019-main-petrol-transparent.png","width":2048,"height":844,"caption":"Jimdo GmbH"},"image":{"@id":"https:\/\/www.jimdo.com/de/magazin\/#\/schema\/logo\/image\/"},"sameAs":["https:\/\/www.facebook.com\/Jimdo.de","https:\/\/x.com\/jimdo_de","https:\/\/www.instagram.com\/jimdo_official\/","https:\/\/www.youtube.com\/jimdode"]},{"@type":"Person","@id":"https:\/\/www.jimdo.com/de/magazin\/#\/schema\/person\/4dabebc7d5d6477941607006cb2fd592","name":"Jimdo","image":{"@type":"ImageObject","inLanguage":"de","@id":"https:\/\/secure.gravatar.com\/avatar\/2506bfab94e877841212e235c7148d443cd1a56b3ca7e617bd0bc48887dc682f?s=96&d=identicon&r=g","url":"https:\/\/secure.gravatar.com\/avatar\/2506bfab94e877841212e235c7148d443cd1a56b3ca7e617bd0bc48887dc682f?s=96&d=identicon&r=g","contentUrl":"https:\/\/secure.gravatar.com\/avatar\/2506bfab94e877841212e235c7148d443cd1a56b3ca7e617bd0bc48887dc682f?s=96&d=identicon&r=g","caption":"Jimdo"},"description":"Der Blog f\u00fcr Selbstst\u00e4ndige und kleine Unternehmen rund um Selbstst\u00e4ndigkeit, Marketing und die besten Website-Tipps zu Design, Onlineshop, SEO und Co.","url":"https:\/\/www.jimdo.com/de/magazin\/author\/jimdomagazine\/"}]}},"jetpack_featured_media_url":"https:\/\/i0.wp.com\/www.jimdo.com/de/magazin\/wp-content\/uploads\/2021\/10\/1-3.png?fit=1600%2C900&ssl=1","jetpack_sharing_enabled":true,"jetpack-related-posts":[{"id":6184,"url":"https:\/\/www.jimdo.com/de/magazin\/tahimi-story\/","url_meta":{"origin":5009,"position":0},"title":"Tahimis Weg zur Selbstst\u00e4ndigkeit: Mit Leidenschaft zum Erfolg","author":"Jimdo","date":"19. Dezember 2024","format":false,"excerpt":"Menschen unterst\u00fctzen, ihre Ressourcen zu finden. Das treibt die psychologische Beraterin Tahimi an, und das ist ihr Beruf.","rel":"","context":"In &quot;Inspiration&quot;","block_context":{"text":"Inspiration","link":"https:\/\/www.jimdo.com/de/magazin\/inspiration\/"},"img":{"alt_text":"","src":"https:\/\/i0.wp.com\/www.jimdo.com/de/magazin\/wp-content\/uploads\/2024\/12\/1Z5A7990.jpg?fit=1200%2C800&ssl=1&resize=350%2C200","width":350,"height":200,"srcset":"https:\/\/i0.wp.com\/www.jimdo.com/de/magazin\/wp-content\/uploads\/2024\/12\/1Z5A7990.jpg?fit=1200%2C800&ssl=1&resize=350%2C200 1x, https:\/\/i0.wp.com\/www.jimdo.com/de/magazin\/wp-content\/uploads\/2024\/12\/1Z5A7990.jpg?fit=1200%2C800&ssl=1&resize=525%2C300 1.5x, https:\/\/i0.wp.com\/www.jimdo.com/de/magazin\/wp-content\/uploads\/2024\/12\/1Z5A7990.jpg?fit=1200%2C800&ssl=1&resize=700%2C400 2x, https:\/\/i0.wp.com\/www.jimdo.com/de/magazin\/wp-content\/uploads\/2024\/12\/1Z5A7990.jpg?fit=1200%2C800&ssl=1&resize=1050%2C600 3x"},"classes":[]},{"id":2106,"url":"https:\/\/www.jimdo.com/de/magazin\/perfekte-ueber-mich-seite-erstellen\/","url_meta":{"origin":5009,"position":1},"title":"Von der \u201c\u00dcber mich\u201d-Seite bis zum &#8222;About us&#8220;: Wie ihr euer Business vorstellt","author":"Lilli Brinkert","date":"10. Juli 2024","format":false,"excerpt":"Wie schreibe ich eine gute \u201c\u00dcber mich\u201d-Seite? Wir zeigen euch, welche Infos nicht fehlen sollten und wodurch ihr eure Besucher pers\u00f6nlich ansprecht. Jetzt mehr erfahren!","rel":"","context":"In &quot;Inspiration&quot;","block_context":{"text":"Inspiration","link":"https:\/\/www.jimdo.com/de/magazin\/inspiration\/"},"img":{"alt_text":"Ein junger Mann macht sich Gedanken zur \"\u00dcber mich\"-Seite seiner Website.","src":"https:\/\/i0.wp.com\/www.jimdo.com/de/magazin\/wp-content\/uploads\/2018\/10\/jimdo-blog-featured-image-about-page.jpg?fit=1200%2C675&ssl=1&resize=350%2C200","width":350,"height":200,"srcset":"https:\/\/i0.wp.com\/www.jimdo.com/de/magazin\/wp-content\/uploads\/2018\/10\/jimdo-blog-featured-image-about-page.jpg?fit=1200%2C675&ssl=1&resize=350%2C200 1x, https:\/\/i0.wp.com\/www.jimdo.com/de/magazin\/wp-content\/uploads\/2018\/10\/jimdo-blog-featured-image-about-page.jpg?fit=1200%2C675&ssl=1&resize=525%2C300 1.5x, https:\/\/i0.wp.com\/www.jimdo.com/de/magazin\/wp-content\/uploads\/2018\/10\/jimdo-blog-featured-image-about-page.jpg?fit=1200%2C675&ssl=1&resize=700%2C400 2x, https:\/\/i0.wp.com\/www.jimdo.com/de/magazin\/wp-content\/uploads\/2018\/10\/jimdo-blog-featured-image-about-page.jpg?fit=1200%2C675&ssl=1&resize=1050%2C600 3x"},"classes":[]},{"id":6177,"url":"https:\/\/www.jimdo.com/de/magazin\/daniela-story\/","url_meta":{"origin":5009,"position":2},"title":"Danie\u00adlas Reise: Schamanische Praxis trifft Online-Business","author":"Jimdo","date":"19. Dezember 2024","format":false,"excerpt":"Den eigenen Herzenswunsch zum Beruf machen \u2013 was f\u00fcr viele wie ein M\u00e4rchen klingt, hat Daniela Wirklichkeit werden lassen. Seit Jahren arbeitet sie als Personalerin und begleitet Menschen beruflich durch ihren Alltag. Doch schon seit einiger Zeit geht sie noch einen Schritt weiter: Mit ihrer Leidenschaft f\u00fcr schamanische Rituale und\u2026","rel":"","context":"In &quot;Inspiration&quot;","block_context":{"text":"Inspiration","link":"https:\/\/www.jimdo.com/de/magazin\/inspiration\/"},"img":{"alt_text":"","src":"https:\/\/i0.wp.com\/www.jimdo.com/de/magazin\/wp-content\/uploads\/2024\/12\/1Z5A6926.jpg?fit=1200%2C800&ssl=1&resize=350%2C200","width":350,"height":200,"srcset":"https:\/\/i0.wp.com\/www.jimdo.com/de/magazin\/wp-content\/uploads\/2024\/12\/1Z5A6926.jpg?fit=1200%2C800&ssl=1&resize=350%2C200 1x, https:\/\/i0.wp.com\/www.jimdo.com/de/magazin\/wp-content\/uploads\/2024\/12\/1Z5A6926.jpg?fit=1200%2C800&ssl=1&resize=525%2C300 1.5x, https:\/\/i0.wp.com\/www.jimdo.com/de/magazin\/wp-content\/uploads\/2024\/12\/1Z5A6926.jpg?fit=1200%2C800&ssl=1&resize=700%2C400 2x, https:\/\/i0.wp.com\/www.jimdo.com/de/magazin\/wp-content\/uploads\/2024\/12\/1Z5A6926.jpg?fit=1200%2C800&ssl=1&resize=1050%2C600 3x"},"classes":[]},{"id":6429,"url":"https:\/\/www.jimdo.com/de/magazin\/schluessel-zur-erfolgreichen-selbststaendigkeit\/","url_meta":{"origin":5009,"position":3},"title":"Warum Haltung f\u00fcr Tom Geitner der Schl\u00fcssel zur erfolgreichen Selbstst\u00e4ndigkeit ist","author":"Lee-Ann von Oesen","date":"5. Januar 2026","format":false,"excerpt":"Thomas Geitner alias Tom ist Kfz-Gutachter aus Schwandorf und jemand, der Verantwortung \u00fcbernimmt: f\u00fcr sein Gesch\u00e4ft, f\u00fcr seine Kund:innen, f\u00fcr andere Selbstst\u00e4ndige in seiner Region und f\u00fcr seine Familie. Wer mit ihm spricht, sp\u00fcrt sofort, wie wichtig ihm Fairness im Business ist und dass er diese Haltung konsequent lebt. Vom\u2026","rel":"","context":"In &quot;Business-Wissen&quot;","block_context":{"text":"Business-Wissen","link":"https:\/\/www.jimdo.com/de/magazin\/business-wissen\/"},"img":{"alt_text":"","src":"https:\/\/i0.wp.com\/www.jimdo.com/de/magazin\/wp-content\/uploads\/2026\/01\/Bildschirmfoto-2026-01-05-um-11.35.30.png?fit=966%2C864&ssl=1&resize=350%2C200","width":350,"height":200,"srcset":"https:\/\/i0.wp.com\/www.jimdo.com/de/magazin\/wp-content\/uploads\/2026\/01\/Bildschirmfoto-2026-01-05-um-11.35.30.png?fit=966%2C864&ssl=1&resize=350%2C200 1x, https:\/\/i0.wp.com\/www.jimdo.com/de/magazin\/wp-content\/uploads\/2026\/01\/Bildschirmfoto-2026-01-05-um-11.35.30.png?fit=966%2C864&ssl=1&resize=525%2C300 1.5x, https:\/\/i0.wp.com\/www.jimdo.com/de/magazin\/wp-content\/uploads\/2026\/01\/Bildschirmfoto-2026-01-05-um-11.35.30.png?fit=966%2C864&ssl=1&resize=700%2C400 2x"},"classes":[]},{"id":6126,"url":"https:\/\/www.jimdo.com/de/magazin\/hostname\/","url_meta":{"origin":5009,"position":4},"title":"Welche Bedeutung hat der Hostname? Ein kurzer \u00dcberblick","author":"Elio Rivero","date":"26. November 2024","format":false,"excerpt":"Der Hostname sorgt daf\u00fcr, dass Computer und Server innerhalb eines Netzwerks eindeutig identifiziert werden k\u00f6nnen. Was bedeutet das genau?","rel":"","context":"In &quot;Website-Tipps&quot;","block_context":{"text":"Website-Tipps","link":"https:\/\/www.jimdo.com/de/magazin\/webseiten-tipps\/"},"img":{"alt_text":"Jimdo Domain finden","src":"https:\/\/i0.wp.com\/www.jimdo.com/de/magazin\/wp-content\/uploads\/2018\/04\/Option-3-How-to-find-the-best-domain.png?fit=1200%2C755&ssl=1&resize=350%2C200","width":350,"height":200,"srcset":"https:\/\/i0.wp.com\/www.jimdo.com/de/magazin\/wp-content\/uploads\/2018\/04\/Option-3-How-to-find-the-best-domain.png?fit=1200%2C755&ssl=1&resize=350%2C200 1x, https:\/\/i0.wp.com\/www.jimdo.com/de/magazin\/wp-content\/uploads\/2018\/04\/Option-3-How-to-find-the-best-domain.png?fit=1200%2C755&ssl=1&resize=525%2C300 1.5x, https:\/\/i0.wp.com\/www.jimdo.com/de/magazin\/wp-content\/uploads\/2018\/04\/Option-3-How-to-find-the-best-domain.png?fit=1200%2C755&ssl=1&resize=700%2C400 2x, https:\/\/i0.wp.com\/www.jimdo.com/de/magazin\/wp-content\/uploads\/2018\/04\/Option-3-How-to-find-the-best-domain.png?fit=1200%2C755&ssl=1&resize=1050%2C600 3x"},"classes":[]},{"id":6106,"url":"https:\/\/www.jimdo.com/de/magazin\/blog-gestalten\/","url_meta":{"origin":5009,"position":5},"title":"So startet ihr mit eurem eigenen Blog durch: in 5 Schritten","author":"Lilli Brinkert","date":"11. November 2024","format":false,"excerpt":"Wie ist der perfekte Blog-Aufbau? Welche Plattformen sind geeignet? Wo Werbung machen? Wir zeigen euch, wie ihr erfolgreich einen Blog gestaltet.","rel":"","context":"In &quot;Website-Tipps&quot;","block_context":{"text":"Website-Tipps","link":"https:\/\/www.jimdo.com/de/magazin\/webseiten-tipps\/"},"img":{"alt_text":"Was ist eine Domain? Leicht und verst\u00e4ndlich erkl\u00e4rt.","src":"https:\/\/i0.wp.com\/www.jimdo.com/de/magazin\/wp-content\/uploads\/2021\/09\/Option-2-What-is-a-domain.png?fit=1200%2C755&ssl=1&resize=350%2C200","width":350,"height":200,"srcset":"https:\/\/i0.wp.com\/www.jimdo.com/de/magazin\/wp-content\/uploads\/2021\/09\/Option-2-What-is-a-domain.png?fit=1200%2C755&ssl=1&resize=350%2C200 1x, https:\/\/i0.wp.com\/www.jimdo.com/de/magazin\/wp-content\/uploads\/2021\/09\/Option-2-What-is-a-domain.png?fit=1200%2C755&ssl=1&resize=525%2C300 1.5x, https:\/\/i0.wp.com\/www.jimdo.com/de/magazin\/wp-content\/uploads\/2021\/09\/Option-2-What-is-a-domain.png?fit=1200%2C755&ssl=1&resize=700%2C400 2x, https:\/\/i0.wp.com\/www.jimdo.com/de/magazin\/wp-content\/uploads\/2021\/09\/Option-2-What-is-a-domain.png?fit=1200%2C755&ssl=1&resize=1050%2C600 3x"},"classes":[]}],"_links":{"self":[{"href":"https:\/\/www.jimdo.com/de/magazin\/wp-json\/wp\/v2\/posts\/5009","targetHints":{"allow":["GET"]}}],"collection":[{"href":"https:\/\/www.jimdo.com/de/magazin\/wp-json\/wp\/v2\/posts"}],"about":[{"href":"https:\/\/www.jimdo.com/de/magazin\/wp-json\/wp\/v2\/types\/post"}],"author":[{"embeddable":true,"href":"https:\/\/www.jimdo.com/de/magazin\/wp-json\/wp\/v2\/users\/2"}],"replies":[{"embeddable":true,"href":"https:\/\/www.jimdo.com/de/magazin\/wp-json\/wp\/v2\/comments?post=5009"}],"version-history":[{"count":0,"href":"https:\/\/www.jimdo.com/de/magazin\/wp-json\/wp\/v2\/posts\/5009\/revisions"}],"wp:featuredmedia":[{"embeddable":true,"href":"https:\/\/www.jimdo.com/de/magazin\/wp-json\/wp\/v2\/media\/5010"}],"wp:attachment":[{"href":"https:\/\/www.jimdo.com/de/magazin\/wp-json\/wp\/v2\/media?parent=5009"}],"wp:term":[{"taxonomy":"category","embeddable":true,"href":"https:\/\/www.jimdo.com/de/magazin\/wp-json\/wp\/v2\/categories?post=5009"},{"taxonomy":"post_tag","embeddable":true,"href":"https:\/\/www.jimdo.com/de/magazin\/wp-json\/wp\/v2\/tags?post=5009"}],"curies":[{"name":"wp","href":"https:\/\/api.w.org\/{rel}","templated":true}]}}